{"id":80333,"date":"2025-05-14T22:21:43","date_gmt":"2025-05-15T04:21:43","guid":{"rendered":"https:\/\/zonaroja.com.mx\/?p=80333"},"modified":"2025-05-14T22:21:45","modified_gmt":"2025-05-15T04:21:45","slug":"dos-accidentes-carreteros-en-oaxaca-puebla-dejan-23-muertos","status":"publish","type":"post","link":"https:\/\/zonaroja.com.mx\/?p=80333","title":{"rendered":"Dos accidentes carreteros en Oaxaca-Puebla dejan 23 muertos\u00a0"},"content":{"rendered":"\n<p>Redacci\u00f3n\/Zona Roja.<\/p>\n\n\n\n<p>Oaxaca de Ju\u00e1rez, Oax., a 14 de mayo de 2025.- En menos de 24 horas ocurrieron dos accidentes en carreteras que unen a Oaxaca con Puebla, con saldo preliminar de 23 personas fallecidas.<\/p>\n\n\n\n<p>Esta mi\u00e9rcoles se registr\u00f3 un percance en la supercarretera Oaxaca-Cuacnopalan, a la altura del kil\u00f3metro 31, jurisdicci\u00f3n de Puebla, entre un autob\u00fas de la L\u00ednea AU, una pipa y una camioneta de transporte de personal.<\/p>\n\n\n\n<p>El percance provoc\u00f3 un fuerte incendio por lo que hasta esta noche el saldo fatal ascend\u00eda a 21 personas fallecidas.<\/p>\n\n\n\n<p>Fueron 18 personas las que murieron en el lugar, mientras que tres personas fallecieron en el hospital; adem\u00e1s varias personas resultaron lesionadas y se encuentran recibiendo atenci\u00f3n m\u00e9dica.<\/p>\n\n\n\n<p>Debido al aparatoso accidente la supercarretera Cuacnopalan-Oaxaca fue cerrada totalmente a la altura de Tehuac\u00e1n, en el kil\u00f3metro 28; en este momento ya fue liberada la circulaci\u00f3n.<\/p>\n\n\n\n<p>Por otra parte, ayer por la tarde se registr\u00f3 un choque entre un tr\u00e1iler con un autob\u00fas de la l\u00ednea SUR, en la carretera Huajuapan, Oaxaca-Puebla, lo que origin\u00f3 que la unidad de pasajeros cayera a un barranco, a la altura del paraje \u201cPuerto de Gato\u201d, en en Tehuitzingo.<\/p>\n\n\n\n<p>Hasta este d\u00eda se ha confirmado como saldo de dos personas fallecidas y al menos 17 lesionados.<\/p>\n\n\n\n<p>Las personas que perdieron la vida son la se\u00f1ora Rufina Aguilar Rogel, de aproximadamente 60 a\u00f1os, y otra mujer no identificada, de aproximadamente 40 a\u00f1os.<\/p>\n","protected":false},"excerpt":{"rendered":"<p>Redacci\u00f3n\/Zona Roja. Oaxaca de Ju\u00e1rez, Oax., a 14 de mayo de 2025.- En menos de&hellip;<\/p>\n","protected":false},"author":2,"featured_media":80334,"comment_status":"closed","ping_status":"open","sticky":false,"template":"","format":"standard","meta":{"_lmt_disableupdate":"","_lmt_disable":"","_jetpack_memberships_contains_paid_content":false,"footnotes":""},"categories":[109,47],"tags":[3416],"class_list":["post-80333","post","type-post","status-publish","format-standard","has-post-thumbnail","hentry","category-minuto-a-minuto","category-zona-gris","tag-accidentes-carreteros-oaxaca"],"jetpack_featured_media_url":"https:\/\/zonaroja.com.mx\/wp-content\/uploads\/2025\/05\/Accidente-supercarretera-Oaxaca-Cuacnopalan.jpg","jetpack_sharing_enabled":true,"_links":{"self":[{"href":"https:\/\/zonaroja.com.mx\/index.php?rest_route=\/wp\/v2\/posts\/80333","targetHints":{"allow":["GET"]}}],"collection":[{"href":"https:\/\/zonaroja.com.mx\/index.php?rest_route=\/wp\/v2\/posts"}],"about":[{"href":"https:\/\/zonaroja.com.mx\/index.php?rest_route=\/wp\/v2\/types\/post"}],"author":[{"embeddable":true,"href":"https:\/\/zonaroja.com.mx\/index.php?rest_route=\/wp\/v2\/users\/2"}],"replies":[{"embeddable":true,"href":"https:\/\/zonaroja.com.mx\/index.php?rest_route=%2Fwp%2Fv2%2Fcomments&post=80333"}],"version-history":[{"count":1,"href":"https:\/\/zonaroja.com.mx\/index.php?rest_route=\/wp\/v2\/posts\/80333\/revisions"}],"predecessor-version":[{"id":80335,"href":"https:\/\/zonaroja.com.mx\/index.php?rest_route=\/wp\/v2\/posts\/80333\/revisions\/80335"}],"wp:featuredmedia":[{"embeddable":true,"href":"https:\/\/zonaroja.com.mx\/index.php?rest_route=\/wp\/v2\/media\/80334"}],"wp:attachment":[{"href":"https:\/\/zonaroja.com.mx\/index.php?rest_route=%2Fwp%2Fv2%2Fmedia&parent=80333"}],"wp:term":[{"taxonomy":"category","embeddable":true,"href":"https:\/\/zonaroja.com.mx\/index.php?rest_route=%2Fwp%2Fv2%2Fcategories&post=80333"},{"taxonomy":"post_tag","embeddable":true,"href":"https:\/\/zonaroja.com.mx\/index.php?rest_route=%2Fwp%2Fv2%2Ftags&post=80333"}],"curies":[{"name":"wp","href":"https:\/\/api.w.org\/{rel}","templated":true}]}}