{"id":80339,"date":"2025-05-15T08:00:00","date_gmt":"2025-05-15T14:00:00","guid":{"rendered":"https:\/\/zonaroja.com.mx\/?p=80339"},"modified":"2025-05-15T08:00:43","modified_gmt":"2025-05-15T14:00:43","slug":"reitera-cooperativa-de-el-coyul-que-es-legitima-propietaria-de-predios","status":"publish","type":"post","link":"https:\/\/zonaroja.com.mx\/?p=80339","title":{"rendered":"Reitera cooperativa de El Coyul que es leg\u00edtima propietaria de predios"},"content":{"rendered":"\n<p>Raymundo Morales\/Zona Roja.<\/p>\n\n\n\n<p>Oaxaca de Ju\u00e1rez, Oax., a 15 de mayo de 2025.- En conferencia de prensa en la capital oaxaque\u00f1a, directivos de la Sociedad Agr\u00edcola y Ganadera El Coyul Oax S. C. reiteraron que son leg\u00edtimos propietarios del paraje \u201cAyuta\u201d en San Pedro Huamelula, de poco m\u00e1s de mil hect\u00e1reas.<\/p>\n\n\n\n<p>Acusaron que otro grupo, que se ostenta falsamente como due\u00f1a de los terrenos, pretende despojarlos con documentos falsos, que fueron avalados ante un notario que fue cesado y acusado de fraudes, Eduardo Garc\u00eda Corpus.<\/p>\n\n\n\n<p>Adem\u00e1s, se\u00f1alaron a la Asamblea de Pueblos del Istmo de azuzar a un grupo de pobladores para apropiarse de manera ilegal de los predios.<\/p>\n\n\n\n<p>En la conferencia de prensa mostraron m\u00faltiples documentos del documento que corrobora que la Sociedad Agr\u00edcola y Ganadera es leg\u00edtima propietaria de los terrenos, avalados tambi\u00e9n autoridades judiciales federales.<\/p>\n\n\n\n<p>Por ello, demandaron la intervenci\u00f3n del Gobierno del Estado de Oaxaca, con la finalidad de mediar y solicitar al grupo invasor que desista de sus pretensiones, pues se puede originar m\u00e1s enfrentamientos.<\/p>\n\n\n\n<p>Joel Ric\u00e1rdez L\u00f3pez, Alfredo Manuel Mena y Rigoberto Cruz Cartas, entre otros, expusieron ante los representantes de los medios de comunicaci\u00f3n la serie de acciones que han emprendido integrantes de la Uni\u00f3n de Comunidades y Ejidos en Defensa del Territorio, que pretende despojarlos de estos bienes constituidos legalmente.<\/p>\n\n\n\n<p>Recientemente, Cruz Cartas, presidente de la Sociedad Agr\u00edcola y Ganadera El Coyul denunci\u00f3 que fue amenazado de muerte, por lo cual reiter\u00f3 su petici\u00f3n a la Fiscal\u00eda General del Estado para que se investiguen los hechos.<\/p>\n\n\n\n<figure class=\"wp-block-embed is-type-rich is-provider-twitter wp-block-embed-twitter\"><div class=\"wp-block-embed__wrapper\">\n<div class=\"twitter-tweet\"><blockquote class=\"twitter-tweet\" data-lang=\"es\"><p lang=\"es\" dir=\"ltr\">Video de la conferencia de prensa en la ciudad de Oaxaca: <a href=\"https:\/\/t.co\/n6rvAQlzy1\">pic.twitter.com\/n6rvAQlzy1<\/a><\/p>&mdash; Zona Roja Oaxaca (@ZonaRoja_Oaxaca) <a href=\"https:\/\/twitter.com\/ZonaRoja_Oaxaca\/status\/1922716397353754832?ref_src=twsrc%5Etfw\">14 de mayo de 2025<\/a><\/blockquote><\/div>\n<\/div><\/figure>\n","protected":false},"excerpt":{"rendered":"<p>Raymundo Morales\/Zona Roja. Oaxaca de Ju\u00e1rez, Oax., a 15 de mayo de 2025.- En conferencia&hellip;<\/p>\n","protected":false},"author":2,"featured_media":80345,"comment_status":"closed","ping_status":"open","sticky":false,"template":"","format":"standard","meta":{"_lmt_disableupdate":"","_lmt_disable":"","_jetpack_memberships_contains_paid_content":false,"footnotes":""},"categories":[109,46],"tags":[4301],"class_list":["post-80339","post","type-post","status-publish","format-standard","has-post-thumbnail","hentry","category-minuto-a-minuto","category-zona-blanca","tag-el-coyul-huamelula"],"jetpack_featured_media_url":"https:\/\/zonaroja.com.mx\/wp-content\/uploads\/2025\/05\/Conferencia-Socuedad-cooperativa-Coyul.jpg","jetpack_sharing_enabled":true,"_links":{"self":[{"href":"https:\/\/zonaroja.com.mx\/index.php?rest_route=\/wp\/v2\/posts\/80339","targetHints":{"allow":["GET"]}}],"collection":[{"href":"https:\/\/zonaroja.com.mx\/index.php?rest_route=\/wp\/v2\/posts"}],"about":[{"href":"https:\/\/zonaroja.com.mx\/index.php?rest_route=\/wp\/v2\/types\/post"}],"author":[{"embeddable":true,"href":"https:\/\/zonaroja.com.mx\/index.php?rest_route=\/wp\/v2\/users\/2"}],"replies":[{"embeddable":true,"href":"https:\/\/zonaroja.com.mx\/index.php?rest_route=%2Fwp%2Fv2%2Fcomments&post=80339"}],"version-history":[{"count":1,"href":"https:\/\/zonaroja.com.mx\/index.php?rest_route=\/wp\/v2\/posts\/80339\/revisions"}],"predecessor-version":[{"id":80346,"href":"https:\/\/zonaroja.com.mx\/index.php?rest_route=\/wp\/v2\/posts\/80339\/revisions\/80346"}],"wp:featuredmedia":[{"embeddable":true,"href":"https:\/\/zonaroja.com.mx\/index.php?rest_route=\/wp\/v2\/media\/80345"}],"wp:attachment":[{"href":"https:\/\/zonaroja.com.mx\/index.php?rest_route=%2Fwp%2Fv2%2Fmedia&parent=80339"}],"wp:term":[{"taxonomy":"category","embeddable":true,"href":"https:\/\/zonaroja.com.mx\/index.php?rest_route=%2Fwp%2Fv2%2Fcategories&post=80339"},{"taxonomy":"post_tag","embeddable":true,"href":"https:\/\/zonaroja.com.mx\/index.php?rest_route=%2Fwp%2Fv2%2Ftags&post=80339"}],"curies":[{"name":"wp","href":"https:\/\/api.w.org\/{rel}","templated":true}]}}