{"id":80347,"date":"2025-05-15T08:31:35","date_gmt":"2025-05-15T14:31:35","guid":{"rendered":"https:\/\/zonaroja.com.mx\/?p=80347"},"modified":"2025-05-15T08:31:37","modified_gmt":"2025-05-15T14:31:37","slug":"emboscan-y-asesinan-a-edil-y-dos-escoltas-en-amoltepec-oaxaca","status":"publish","type":"post","link":"https:\/\/zonaroja.com.mx\/?p=80347","title":{"rendered":"Emboscan y asesinan a edil y dos escoltas en Amoltepec, Oaxaca"},"content":{"rendered":"\n<p>Ismael Garc\u00eda M.\/Zona Roja.<\/p>\n\n\n\n<p>Oaxaca de Ju\u00e1rez, Oax., a 15 de mayo de 2025.- El presidente municipal de Santiago Amoltepec y dos de sus escoltas fueron emboscados y asesinadas la madrugada de este jueves en dicha localidad de la regi\u00f3n Sierra Sur de Oaxaca.<\/p>\n\n\n\n<p>La Fiscal\u00eda General del Estado de Oaxaca confirm\u00f3 le hecho y dio a conocer que despleg\u00f3 un equipo multidisciplinario, con peritos, Ministerio P\u00fablico y agentes de investigaci\u00f3n.<\/p>\n\n\n\n<p>De acuerdo con un reporte que emiti\u00f3 esta ma\u00f1ana, la agresi\u00f3n con disparos de arma de fuego ocurri\u00f3 en contra del presidente municipal de Santiago Amoltepec, identificado como Mario H. H., quien perdi\u00f3 la vida, al igual que otras dos personas, informaci\u00f3n recibida a partir de un reporte preliminar emitido por el S\u00edndico Municipal.<\/p>\n\n\n\n<p>Indic\u00f3 que, derivado de estos primeros reportes, se tiene conocimiento que los hechos ocurrieron en un paraje conocido como \u201cEl Tablero\u201d, el cual est\u00e1 en el camino a la comunidad El Mamey, saliendo del centro de Santiago Amoltepec.<\/p>\n\n\n\n<p>La instituci\u00f3n que encabeza Bernardo Rodr\u00edguez Alamilla expuso que se activaron los protocolos correspondientes para la investigaci\u00f3n ministerial que permita esclarecer los hechos, y presentar ante la ley a quien o quienes resulten responsables de este delito.<\/p>\n","protected":false},"excerpt":{"rendered":"<p>Ismael Garc\u00eda M.\/Zona Roja. Oaxaca de Ju\u00e1rez, Oax., a 15 de mayo de 2025.- El&hellip;<\/p>\n","protected":false},"author":2,"featured_media":80348,"comment_status":"closed","ping_status":"open","sticky":false,"template":"","format":"standard","meta":{"_lmt_disableupdate":"","_lmt_disable":"","_jetpack_memberships_contains_paid_content":false,"footnotes":""},"categories":[109,51],"tags":[860],"class_list":["post-80347","post","type-post","status-publish","format-standard","has-post-thumbnail","hentry","category-minuto-a-minuto","category-zona-roja","tag-santiago-amoltepec"],"jetpack_featured_media_url":"https:\/\/zonaroja.com.mx\/wp-content\/uploads\/2025\/05\/481073397_642915305349081_7972891686802175968_n.jpg","jetpack_sharing_enabled":true,"_links":{"self":[{"href":"https:\/\/zonaroja.com.mx\/index.php?rest_route=\/wp\/v2\/posts\/80347","targetHints":{"allow":["GET"]}}],"collection":[{"href":"https:\/\/zonaroja.com.mx\/index.php?rest_route=\/wp\/v2\/posts"}],"about":[{"href":"https:\/\/zonaroja.com.mx\/index.php?rest_route=\/wp\/v2\/types\/post"}],"author":[{"embeddable":true,"href":"https:\/\/zonaroja.com.mx\/index.php?rest_route=\/wp\/v2\/users\/2"}],"replies":[{"embeddable":true,"href":"https:\/\/zonaroja.com.mx\/index.php?rest_route=%2Fwp%2Fv2%2Fcomments&post=80347"}],"version-history":[{"count":1,"href":"https:\/\/zonaroja.com.mx\/index.php?rest_route=\/wp\/v2\/posts\/80347\/revisions"}],"predecessor-version":[{"id":80349,"href":"https:\/\/zonaroja.com.mx\/index.php?rest_route=\/wp\/v2\/posts\/80347\/revisions\/80349"}],"wp:featuredmedia":[{"embeddable":true,"href":"https:\/\/zonaroja.com.mx\/index.php?rest_route=\/wp\/v2\/media\/80348"}],"wp:attachment":[{"href":"https:\/\/zonaroja.com.mx\/index.php?rest_route=%2Fwp%2Fv2%2Fmedia&parent=80347"}],"wp:term":[{"taxonomy":"category","embeddable":true,"href":"https:\/\/zonaroja.com.mx\/index.php?rest_route=%2Fwp%2Fv2%2Fcategories&post=80347"},{"taxonomy":"post_tag","embeddable":true,"href":"https:\/\/zonaroja.com.mx\/index.php?rest_route=%2Fwp%2Fv2%2Ftags&post=80347"}],"curies":[{"name":"wp","href":"https:\/\/api.w.org\/{rel}","templated":true}]}}