{"id":80365,"date":"2025-05-15T16:01:34","date_gmt":"2025-05-15T22:01:34","guid":{"rendered":"https:\/\/zonaroja.com.mx\/?p=80365"},"modified":"2025-05-15T16:01:36","modified_gmt":"2025-05-15T22:01:36","slug":"desarticulan-banda-del-comandante-cromo-en-el-istmo-otro-detenido","status":"publish","type":"post","link":"https:\/\/zonaroja.com.mx\/?p=80365","title":{"rendered":"Desarticulan banda del \u201cComandante Cromo\u201d en el Istmo; otro detenido"},"content":{"rendered":"\n<p>Raymundo Morales\/Zona Roja.&nbsp;<\/p>\n\n\n\n<p>Oaxaca de Ju\u00e1rez, Oax., a 15 de mayo de 2025.- Al menos cinco presuntos l\u00edderes operativos de la banda del \u201cComandante Cromo\u201d han sido detenidos en el \u00faltimo a\u00f1o, con lo cual se ha desarticulado dicho grupo delictivo que opera en la regi\u00f3n del Istmo.<\/p>\n\n\n\n<p>La m\u00e1s reciente aprehensi\u00f3n de la Fiscal\u00eda General del Estado de Oaxaca (FGEO) fue la de P.A.T.V., alias \u201cEl Tonche\u201d, por el delito de secuestro agravado, quien adem\u00e1s es considerado como objetivo prioritario, pues ser\u00eda uno de los principales generadores de violencia al ser un operador en la segunda l\u00ednea de mando de la citada organizaci\u00f3n.<\/p>\n\n\n\n<p>La instituci\u00f3n que preside Bernardo Rodr\u00edguez Alamilla inform\u00f3 que luego de hacer un estudio de an\u00e1lisis y contexto sobre las actividades de P.A.T.V., alias \u201cEl Tonche\u201d, estableci\u00f3 que el imputado es considerado como un objetivo prioritario en el Istmo de Tehuantepec.<\/p>\n\n\n\n<p>Ya que estar\u00eda vinculado con diversos delitos de alto impacto, adem\u00e1s que ser\u00eda parte de la segunda l\u00ednea de mando dentro de la estructura criminal de la banda del \u201cComandante Cromo\u201d, que opera en el Istmo.<\/p>\n\n\n\n<p>De esa c\u00e9lula delictiva se ha logrado -en el \u00faltimo a\u00f1o- la detenci\u00f3n de cinco de los l\u00edderes operativos, entre ellos A.M.L., alias \u201cEl Wer\u00edn\u201d (Detenido el 24\/04\/2024); R.M.S., alias \u201cBalatas\u201d (Detenido el 31\/07\/20249; M.A.T.M.,&nbsp; alias \u201cHenry\u201d, que era chofer y escolta personal de \u201cComandante Cromo\u201d (Detenido el 03\/11\/2024); y J.F.C.O., probable sicario de esta organizaci\u00f3n (detenido 31\/03\/2025).<\/p>\n\n\n\n<p>Del m\u00e1s reciente caso, conforme a la carpeta de investigaci\u00f3n, los hechos ocurrieron el 20 de octubre de 2024, en Juchit\u00e1n de Zaragoza, donde un grupo de personas que portaban armas de fuego privaron de la libertad a las v\u00edctimas, as\u00ed como a personas migrantes, oblig\u00e1ndolas a establecer contacto con sus familiares pidi\u00e9ndoles diversos pagos para liberarlos.<\/p>\n\n\n\n<p>Luego de tener conocimiento del caso, la FGEO inici\u00f3 los trabajos de inteligencia criminal a trav\u00e9s de la Vicefiscal\u00eda Regional del Istmo, lo que permiti\u00f3 la obtenci\u00f3n de la orden de aprehensi\u00f3n en contra de P.A.T.V., alias \u201cEl Tonche\u201d, por lo que se despleg\u00f3 a un operativo estrat\u00e9gico encabezado por la Agencia Estatal de Investigaciones (AEI), con el cual fue posible localizarlo y ejecutar el mandato judicial.<\/p>\n\n\n\n<p>La Fiscal\u00eda de Oaxaca puso a disposici\u00f3n de la autoridad correspondiente a P.A.T.V., \u201cEl Tonche\u201d, para que se determine su situaci\u00f3n jur\u00eddica.<\/p>\n\n\n\n<p>\u201cRespecto a delitos de alto impacto la Fiscal\u00eda de Oaxaca realiza investigaciones integrales, multidisciplinarias con equipos especializados que permitan presentar ante la ley a quien o quienes resulten responsables de este tipo de delitos de alto impacto, pues, sancionar efectivamente estas conductas criminales es una forma de garantizar la reparaci\u00f3n del tejido social\u201d, indic\u00f3.<\/p>\n","protected":false},"excerpt":{"rendered":"<p>Raymundo Morales\/Zona Roja.&nbsp; Oaxaca de Ju\u00e1rez, Oax., a 15 de mayo de 2025.- Al menos&hellip;<\/p>\n","protected":false},"author":2,"featured_media":80366,"comment_status":"closed","ping_status":"open","sticky":false,"template":"","format":"standard","meta":{"_lmt_disableupdate":"","_lmt_disable":"","_jetpack_memberships_contains_paid_content":false,"footnotes":""},"categories":[109,46],"tags":[494],"class_list":["post-80365","post","type-post","status-publish","format-standard","has-post-thumbnail","hentry","category-minuto-a-minuto","category-zona-blanca","tag-fiscalia-general-del-estado-de-oaxaca"],"jetpack_featured_media_url":"https:\/\/zonaroja.com.mx\/wp-content\/uploads\/2025\/05\/El-Tonche-banda-del-cromo.jpeg","jetpack_sharing_enabled":true,"_links":{"self":[{"href":"https:\/\/zonaroja.com.mx\/index.php?rest_route=\/wp\/v2\/posts\/80365","targetHints":{"allow":["GET"]}}],"collection":[{"href":"https:\/\/zonaroja.com.mx\/index.php?rest_route=\/wp\/v2\/posts"}],"about":[{"href":"https:\/\/zonaroja.com.mx\/index.php?rest_route=\/wp\/v2\/types\/post"}],"author":[{"embeddable":true,"href":"https:\/\/zonaroja.com.mx\/index.php?rest_route=\/wp\/v2\/users\/2"}],"replies":[{"embeddable":true,"href":"https:\/\/zonaroja.com.mx\/index.php?rest_route=%2Fwp%2Fv2%2Fcomments&post=80365"}],"version-history":[{"count":1,"href":"https:\/\/zonaroja.com.mx\/index.php?rest_route=\/wp\/v2\/posts\/80365\/revisions"}],"predecessor-version":[{"id":80367,"href":"https:\/\/zonaroja.com.mx\/index.php?rest_route=\/wp\/v2\/posts\/80365\/revisions\/80367"}],"wp:featuredmedia":[{"embeddable":true,"href":"https:\/\/zonaroja.com.mx\/index.php?rest_route=\/wp\/v2\/media\/80366"}],"wp:attachment":[{"href":"https:\/\/zonaroja.com.mx\/index.php?rest_route=%2Fwp%2Fv2%2Fmedia&parent=80365"}],"wp:term":[{"taxonomy":"category","embeddable":true,"href":"https:\/\/zonaroja.com.mx\/index.php?rest_route=%2Fwp%2Fv2%2Fcategories&post=80365"},{"taxonomy":"post_tag","embeddable":true,"href":"https:\/\/zonaroja.com.mx\/index.php?rest_route=%2Fwp%2Fv2%2Ftags&post=80365"}],"curies":[{"name":"wp","href":"https:\/\/api.w.org\/{rel}","templated":true}]}}