{"id":80373,"date":"2025-05-15T18:47:00","date_gmt":"2025-05-16T00:47:00","guid":{"rendered":"https:\/\/zonaroja.com.mx\/?p=80373"},"modified":"2025-05-15T17:48:21","modified_gmt":"2025-05-15T23:48:21","slug":"violencia-en-sinaloa-deja-al-menos-39-menores-asesinados-en-ocho-meses","status":"publish","type":"post","link":"https:\/\/zonaroja.com.mx\/?p=80373","title":{"rendered":"Violencia en Sinaloa deja al menos 39 menores asesinados en ocho meses"},"content":{"rendered":"\n<p>Redacci\u00f3n\/Zona Roja Cdmx.<\/p>\n\n\n\n<p>Ciudad de M\u00e9xico, a 15 de mayo de 2025.- Al menos 39 menores fueron asesinados y 97 est\u00e1n desaparecidos por la guerra que libran en dos facciones del c\u00e1rtel de Sinaloa, uno de los grupos narcotraficantes m\u00e1s poderosos de M\u00e9xico, denunci\u00f3 este viernes el defensor del pueblo local.<\/p>\n\n\n\n<p>El enfrentamiento, en el noroeste del pa\u00eds, se desat\u00f3 tras la captura a finales de julio de 2024 en Estados Unidos de Ismael \u00abEl Mayo\u00bb Zambada, quien asegura que fue secuestrado y llevado a ese pa\u00eds en un avi\u00f3n privado por un hijo de su antiguo socio, Joaqu\u00edn \u00abEl Chapo\u00bb Guzm\u00e1n, tambi\u00e9n preso en una c\u00e1rcel estadounidense.<\/p>\n\n\n\n<p>\u00ab39 menores de edad han perdido la vida en este conflicto armado\u00bb, dijo a la AFP \u00d3scar Loza, presidente de la Comisi\u00f3n Estatal de Derechos Humanos de Sinaloa (ombudsman).<\/p>\n\n\n\n<p>Otros 97 menores han desaparecido en medio de la disputa, a\u00f1adi\u00f3 el funcionario citando datos de la Fiscal\u00eda regional.<\/p>\n\n\n\n<p>El hecho m\u00e1s reciente se produjo el pasado lunes, cuando dos ni\u00f1as de 7 y 12 a\u00f1os murieron al quedar atrapadas en un enfrentamiento entre miembros de la militarizada Guardia Nacional y la Fiscal\u00eda con un grupo armado.<\/p>\n\n\n\n<p>La balacera se produjo en el municipio de Badiraguato, cuna del Chapo Guzm\u00e1n y otros capos del c\u00e1rtel de Sinaloa, seg\u00fan las autoridades.<\/p>\n\n\n\n<p>En el tiroteo tambi\u00e9n result\u00f3 herido un ni\u00f1o de 12 a\u00f1os, as\u00ed como sus padres y dos familiares m\u00e1s.<\/p>\n\n\n\n<p>En enero pasado, dos menores de 9 y 12 a\u00f1os murieron tambi\u00e9n al quedar atrapados junto con su padre en un tiroteo en Culiac\u00e1n, capital de Sinaloa, lo que gener\u00f3 la indignaci\u00f3n de los habitantes de esa ciudad, quienes salieron a la calle para exigir justicia.<\/p>\n\n\n\n<p>Las autoridades detuvieron a dos hombres presuntamente implicados en ese crimen en marzo.<\/p>\n\n\n\n<p>La guerra entre los herederos del &#8216;Chapo&#8217; y la facci\u00f3n del &#8216;Mayo&#8217; ha dejado m\u00e1s de 1,200 muertos y 1,400 desaparecidos, adem\u00e1s de un profundo impacto en la econom\u00eda y la vida cotidiana en Culiac\u00e1n y otras poblaciones de Sinaloa.<\/p>\n\n\n\n<p>En esas ciudades cientos negocios y restaurantes cerraron sus puertas ante la ola de violencia. Coparmex, un \u00f3rgano de la iniciativa privada, estim\u00f3 en enero p\u00e9rdidas por 18,000 millones de pesos (unos 920 millones de d\u00f3lares).<\/p>\n\n\n\n<p>El gobierno de la presidenta Claudia Sheinbaum despleg\u00f3 un operativo en octubre pasado para tratar de frenar la violencia en la regi\u00f3n, que ha derivado en incautaciones de drogas y en la detenci\u00f3n de miembros de las facciones enfrentadas.<\/p>\n\n\n\n<p>En enero, el secretario de Seguridad P\u00fablica, Omar Garc\u00eda Harfuch, se\u00f1al\u00f3 que hab\u00eda una \u00abcontenci\u00f3n\u00bb en el n\u00famero de homicidios en el estado.<\/p>\n\n\n\n<p>(Informaci\u00f3n de la agencia AFP en \u201cExpansi\u00f3n Pol\u00edtica\u201d)<\/p>\n","protected":false},"excerpt":{"rendered":"<p>Redacci\u00f3n\/Zona Roja Cdmx. Ciudad de M\u00e9xico, a 15 de mayo de 2025.- Al menos 39&hellip;<\/p>\n","protected":false},"author":2,"featured_media":67750,"comment_status":"closed","ping_status":"open","sticky":false,"template":"","format":"standard","meta":{"_lmt_disableupdate":"","_lmt_disable":"","_jetpack_memberships_contains_paid_content":false,"footnotes":""},"categories":[109,47],"tags":[4146],"class_list":["post-80373","post","type-post","status-publish","format-standard","has-post-thumbnail","hentry","category-minuto-a-minuto","category-zona-gris","tag-violencia-en-sinaloa"],"jetpack_featured_media_url":"https:\/\/zonaroja.com.mx\/wp-content\/uploads\/2024\/04\/Cinta-de-la-escena-del-crimen.jpg","jetpack_sharing_enabled":true,"_links":{"self":[{"href":"https:\/\/zonaroja.com.mx\/index.php?rest_route=\/wp\/v2\/posts\/80373","targetHints":{"allow":["GET"]}}],"collection":[{"href":"https:\/\/zonaroja.com.mx\/index.php?rest_route=\/wp\/v2\/posts"}],"about":[{"href":"https:\/\/zonaroja.com.mx\/index.php?rest_route=\/wp\/v2\/types\/post"}],"author":[{"embeddable":true,"href":"https:\/\/zonaroja.com.mx\/index.php?rest_route=\/wp\/v2\/users\/2"}],"replies":[{"embeddable":true,"href":"https:\/\/zonaroja.com.mx\/index.php?rest_route=%2Fwp%2Fv2%2Fcomments&post=80373"}],"version-history":[{"count":1,"href":"https:\/\/zonaroja.com.mx\/index.php?rest_route=\/wp\/v2\/posts\/80373\/revisions"}],"predecessor-version":[{"id":80374,"href":"https:\/\/zonaroja.com.mx\/index.php?rest_route=\/wp\/v2\/posts\/80373\/revisions\/80374"}],"wp:featuredmedia":[{"embeddable":true,"href":"https:\/\/zonaroja.com.mx\/index.php?rest_route=\/wp\/v2\/media\/67750"}],"wp:attachment":[{"href":"https:\/\/zonaroja.com.mx\/index.php?rest_route=%2Fwp%2Fv2%2Fmedia&parent=80373"}],"wp:term":[{"taxonomy":"category","embeddable":true,"href":"https:\/\/zonaroja.com.mx\/index.php?rest_route=%2Fwp%2Fv2%2Fcategories&post=80373"},{"taxonomy":"post_tag","embeddable":true,"href":"https:\/\/zonaroja.com.mx\/index.php?rest_route=%2Fwp%2Fv2%2Ftags&post=80373"}],"curies":[{"name":"wp","href":"https:\/\/api.w.org\/{rel}","templated":true}]}}