{"id":80375,"date":"2025-05-15T21:35:47","date_gmt":"2025-05-16T03:35:47","guid":{"rendered":"https:\/\/zonaroja.com.mx\/?p=80375"},"modified":"2025-05-15T21:35:49","modified_gmt":"2025-05-16T03:35:49","slug":"aspirantes-a-ministros-deben-tener-conocimientos-en-todas-las-ramas","status":"publish","type":"post","link":"https:\/\/zonaroja.com.mx\/?p=80375","title":{"rendered":"Aspirantes a ministros deben tener conocimientos en todas las ramas"},"content":{"rendered":"\n<p>Redacci\u00f3n\/Zona Roja.&nbsp;<\/p>\n\n\n\n<p>Oaxaca de Ju\u00e1rez, Oax., a 15 de mayo de 2025.- Debido a la desaparici\u00f3n de las salas especializadas de la Suprema Corte de Justicia de la Naci\u00f3n (SCJN), decretada en la Reforma al Poder Judicial, ser\u00e1 necesario que los pr\u00f3ximos ministros y ministras conozcan de todas las ramas para emitir juicios con el debido conocimiento, se\u00f1al\u00f3 el candidato a ministro Jaime Allier Campuzano.<\/p>\n\n\n\n<p>Ante estudiantes de la Universidad Mesoamericana Campus Oaxaca, el tambi\u00e9n magistrado de Circuito detall\u00f3 que en sus poco m\u00e1s de 35 a\u00f1os de experiencia en el Poder Judicial de la Federaci\u00f3n, ha trabajado en diferentes juzgados y tribunales que le han permitido contar con una amplia experiencia en las diferentes ramas del Derecho.<\/p>\n\n\n\n<p>En ese contexto, Allier Campuzano, candidato n\u00famero 35 en la boleta morada, enfatiz\u00f3 la importancia de que los miembros del Supremo Tribunal no solo dominen \u00e1reas espec\u00edficas, sino que sean competentes en un espectro m\u00e1s amplio de temas legales, toda vez que la desaparici\u00f3n de las salas especializadas impone un nuevo desaf\u00edo.&nbsp;<\/p>\n\n\n\n<p>Ministros y Ministras deber\u00e1n estar preparados para abordar casos que abarcan diversas disciplinas del derecho, lo que requiere una s\u00f3lida base de conocimiento y experiencia\u201d, remarc\u00f3.<\/p>\n\n\n\n<p>En su di\u00e1logo con estudiantes de Derecho, Allier Campuzano respondi\u00f3 a diversas interrogantes y detall\u00f3 que si bien la Reforma busca una mayor agilidad y eficiencia en la justicia, tambi\u00e9n genera inquietudes sobre c\u00f3mo se garantizar\u00e1 la calidad de las decisiones judiciales sin la especializaci\u00f3n previa. Allier hizo hincapi\u00e9 en que, adem\u00e1s del conocimiento, las y los ministros deben cultivar un sentido de responsabilidad y compromiso con la justicia.<\/p>\n\n\n\n<p>Mientras tanto, el proceso de selecci\u00f3n de los nuevos ministros y ministras se encuentra en marcha, y los candidatos enfrentan la presi\u00f3n de cumplir con las expectativas de una sociedad que demanda una justicia m\u00e1s expedita y efectiva. \u201cDebemos estar a la altura de las circunstancias\u201d, concluy\u00f3 Allier, quien se perfila como un fuerte contendiente para ocupar el cargo.<\/p>\n\n\n\n<p>Cabe se\u00f1alar que de acuerdo a versiones period\u00edsticas, se estima que cerca del 93 por ciento de asuntos resueltos por la SCJN han sido desahogados por las salas especializadas y el 7% restante por el Pleno de la Corte que ahora tendr\u00eda que absorber dicha carga de trabajo. &nbsp;<\/p>\n","protected":false},"excerpt":{"rendered":"<p>Redacci\u00f3n\/Zona Roja.&nbsp; Oaxaca de Ju\u00e1rez, Oax., a 15 de mayo de 2025.- Debido a la&hellip;<\/p>\n","protected":false},"author":2,"featured_media":80376,"comment_status":"closed","ping_status":"open","sticky":false,"template":"","format":"standard","meta":{"_lmt_disableupdate":"","_lmt_disable":"","_jetpack_memberships_contains_paid_content":false,"footnotes":""},"categories":[109,46],"tags":[4263],"class_list":["post-80375","post","type-post","status-publish","format-standard","has-post-thumbnail","hentry","category-minuto-a-minuto","category-zona-blanca","tag-jaime-allier-campuzano"],"jetpack_featured_media_url":"https:\/\/zonaroja.com.mx\/wp-content\/uploads\/2025\/05\/Jaime-Allier-Campuzano-candidato.jpg","jetpack_sharing_enabled":true,"_links":{"self":[{"href":"https:\/\/zonaroja.com.mx\/index.php?rest_route=\/wp\/v2\/posts\/80375","targetHints":{"allow":["GET"]}}],"collection":[{"href":"https:\/\/zonaroja.com.mx\/index.php?rest_route=\/wp\/v2\/posts"}],"about":[{"href":"https:\/\/zonaroja.com.mx\/index.php?rest_route=\/wp\/v2\/types\/post"}],"author":[{"embeddable":true,"href":"https:\/\/zonaroja.com.mx\/index.php?rest_route=\/wp\/v2\/users\/2"}],"replies":[{"embeddable":true,"href":"https:\/\/zonaroja.com.mx\/index.php?rest_route=%2Fwp%2Fv2%2Fcomments&post=80375"}],"version-history":[{"count":1,"href":"https:\/\/zonaroja.com.mx\/index.php?rest_route=\/wp\/v2\/posts\/80375\/revisions"}],"predecessor-version":[{"id":80377,"href":"https:\/\/zonaroja.com.mx\/index.php?rest_route=\/wp\/v2\/posts\/80375\/revisions\/80377"}],"wp:featuredmedia":[{"embeddable":true,"href":"https:\/\/zonaroja.com.mx\/index.php?rest_route=\/wp\/v2\/media\/80376"}],"wp:attachment":[{"href":"https:\/\/zonaroja.com.mx\/index.php?rest_route=%2Fwp%2Fv2%2Fmedia&parent=80375"}],"wp:term":[{"taxonomy":"category","embeddable":true,"href":"https:\/\/zonaroja.com.mx\/index.php?rest_route=%2Fwp%2Fv2%2Fcategories&post=80375"},{"taxonomy":"post_tag","embeddable":true,"href":"https:\/\/zonaroja.com.mx\/index.php?rest_route=%2Fwp%2Fv2%2Ftags&post=80375"}],"curies":[{"name":"wp","href":"https:\/\/api.w.org\/{rel}","templated":true}]}}