{"id":80378,"date":"2025-05-15T22:07:31","date_gmt":"2025-05-16T04:07:31","guid":{"rendered":"https:\/\/zonaroja.com.mx\/?p=80378"},"modified":"2025-05-15T22:07:34","modified_gmt":"2025-05-16T04:07:34","slug":"instalan-en-oaxaca-de-juarez-comite-municipal-de-cambio-climatico","status":"publish","type":"post","link":"https:\/\/zonaroja.com.mx\/?p=80378","title":{"rendered":"Instalan en Oaxaca de Ju\u00e1rez Comit\u00e9 Municipal de Cambio Clim\u00e1tico\u00a0"},"content":{"rendered":"\n<p>Redacci\u00f3n\/Zona Roja.<\/p>\n\n\n\n<p>Oaxaca de Ju\u00e1rez, Oax., a 15 de mayo de 2025.- El municipio de Oaxaca de Ju\u00e1rez instal\u00f3 el Comit\u00e9 Municipal de Cambio Clim\u00e1tico, un \u00f3rgano de coordinaci\u00f3n interinstitucional que busca enfrentar de manera integral los efectos del calentamiento global en la capital oaxaque\u00f1a.<\/p>\n\n\n\n<p>Encabezado por el presidente municipal Ray Chagoya y con la presencia, como testigo de honor, de Karime Unda Harp, secretaria de Medio Ambiente, Biodiversidad, Energ\u00edas y Sostenibilidad del Gobierno del Estado, este Comit\u00e9 representa un paso firme hacia un modelo de ciudad sostenible, resiliente y segura para todas y todos.<\/p>\n\n\n\n<p>Durante el acto, el edil capitalino destac\u00f3 que los efectos del cambio clim\u00e1tico ya se reflejan en problem\u00e1ticas que afectan directamente la seguridad y el bienestar de la ciudadan\u00eda, como la escasez de agua, los fen\u00f3menos meteorol\u00f3gicos extremos y el deterioro del entorno urbano. En este sentido, subray\u00f3 que atender la crisis clim\u00e1tica tambi\u00e9n es una forma de prevenir riesgos y proteger la vida.<\/p>\n\n\n\n<p>Este Comit\u00e9 tendr\u00e1 como funciones dise\u00f1ar, evaluar y ejecutar pol\u00edticas p\u00fablicas enfocadas en mitigaci\u00f3n y adaptaci\u00f3n, con \u00e9nfasis en la infraestructura verde, la movilidad limpia, el ordenamiento territorial y la justicia ambiental. Se trata de una acci\u00f3n alineada con las pol\u00edticas estatales y federales, y basada en la colaboraci\u00f3n entre distintos niveles de gobierno.<\/p>\n\n\n\n<p>La instalaci\u00f3n del Comit\u00e9 refuerza el compromiso del municipio con una transformaci\u00f3n profunda y con visi\u00f3n de futuro, que priorice a quienes m\u00e1s sufren los efectos de la degradaci\u00f3n ambiental.<\/p>\n\n\n\n<p>Con este paso, Oaxaca de Ju\u00e1rez avanza hacia una ciudad m\u00e1s justa, segura y en armon\u00eda con su entorno.<\/p>\n\n\n\n<figure class=\"wp-block-embed is-type-rich is-provider-twitter wp-block-embed-twitter\"><div class=\"wp-block-embed__wrapper\">\n<div class=\"twitter-tweet\"><blockquote class=\"twitter-tweet\" data-lang=\"es\"><p lang=\"es\" dir=\"ltr\">Hoy instalamos el Comit\u00e9 Municipal de Cambio Clim\u00e1tico de Oaxaca de Ju\u00e1rez, un espacio de coordinaci\u00f3n para enfrentar con responsabilidad la crisis clim\u00e1tica y construir un municipio sostenible y seguro para las futuras generaciones. \ud83c\udf0e\ud83c\udf43<br><br>Agradezco la valiosa presencia de la\u2026 <a href=\"https:\/\/t.co\/Q6gUXy9ovS\">pic.twitter.com\/Q6gUXy9ovS<\/a><\/p>&mdash; Ray Chagoya (@raychagoya) <a href=\"https:\/\/twitter.com\/raychagoya\/status\/1923131866795700612?ref_src=twsrc%5Etfw\">15 de mayo de 2025<\/a><\/blockquote><\/div>\n<\/div><\/figure>\n","protected":false},"excerpt":{"rendered":"<p>Redacci\u00f3n\/Zona Roja. Oaxaca de Ju\u00e1rez, Oax., a 15 de mayo de 2025.- El municipio de&hellip;<\/p>\n","protected":false},"author":2,"featured_media":80379,"comment_status":"closed","ping_status":"open","sticky":false,"template":"","format":"standard","meta":{"_lmt_disableupdate":"","_lmt_disable":"","_jetpack_memberships_contains_paid_content":false,"footnotes":""},"categories":[109,46],"tags":[4142],"class_list":["post-80378","post","type-post","status-publish","format-standard","has-post-thumbnail","hentry","category-minuto-a-minuto","category-zona-blanca","tag-raymundo-chagoya"],"jetpack_featured_media_url":"https:\/\/zonaroja.com.mx\/wp-content\/uploads\/2025\/05\/Participa-Gobierno-del-Estado-en-instalacion-del-Comite-Municipal-de-Cambio-Climatico-de-Oaxaca-de-Juarez-1.jpeg","jetpack_sharing_enabled":true,"_links":{"self":[{"href":"https:\/\/zonaroja.com.mx\/index.php?rest_route=\/wp\/v2\/posts\/80378","targetHints":{"allow":["GET"]}}],"collection":[{"href":"https:\/\/zonaroja.com.mx\/index.php?rest_route=\/wp\/v2\/posts"}],"about":[{"href":"https:\/\/zonaroja.com.mx\/index.php?rest_route=\/wp\/v2\/types\/post"}],"author":[{"embeddable":true,"href":"https:\/\/zonaroja.com.mx\/index.php?rest_route=\/wp\/v2\/users\/2"}],"replies":[{"embeddable":true,"href":"https:\/\/zonaroja.com.mx\/index.php?rest_route=%2Fwp%2Fv2%2Fcomments&post=80378"}],"version-history":[{"count":1,"href":"https:\/\/zonaroja.com.mx\/index.php?rest_route=\/wp\/v2\/posts\/80378\/revisions"}],"predecessor-version":[{"id":80380,"href":"https:\/\/zonaroja.com.mx\/index.php?rest_route=\/wp\/v2\/posts\/80378\/revisions\/80380"}],"wp:featuredmedia":[{"embeddable":true,"href":"https:\/\/zonaroja.com.mx\/index.php?rest_route=\/wp\/v2\/media\/80379"}],"wp:attachment":[{"href":"https:\/\/zonaroja.com.mx\/index.php?rest_route=%2Fwp%2Fv2%2Fmedia&parent=80378"}],"wp:term":[{"taxonomy":"category","embeddable":true,"href":"https:\/\/zonaroja.com.mx\/index.php?rest_route=%2Fwp%2Fv2%2Fcategories&post=80378"},{"taxonomy":"post_tag","embeddable":true,"href":"https:\/\/zonaroja.com.mx\/index.php?rest_route=%2Fwp%2Fv2%2Ftags&post=80378"}],"curies":[{"name":"wp","href":"https:\/\/api.w.org\/{rel}","templated":true}]}}