{"id":80383,"date":"2025-05-16T08:51:00","date_gmt":"2025-05-16T14:51:00","guid":{"rendered":"https:\/\/zonaroja.com.mx\/?p=80383"},"modified":"2025-05-16T07:08:01","modified_gmt":"2025-05-16T13:08:01","slug":"entrega-gobierno-respuesta-a-pliego-petitorio-de-la-seccion-22","status":"publish","type":"post","link":"https:\/\/zonaroja.com.mx\/?p=80383","title":{"rendered":"Entrega gobierno respuesta a pliego petitorio de la Secci\u00f3n 22"},"content":{"rendered":"\n<p>Ismael Garc\u00eda M.\/Zona Roja.<\/p>\n\n\n\n<p>Oaxaca de Ju\u00e1rez, Oax., a 16 de mayo de 2025.- Conforme al plazo establecido, el gobierno de Oaxaca entreg\u00f3 ayer respuestas al pliego petitorio entregado el 1 de mayo por la Secci\u00f3n 22 del Sindicato Nacional de Trabajadores de la Educaci\u00f3n.<\/p>\n\n\n\n<p>\u201cHacemos de su conocimiento que el Gobierno del Estado nos ha entregado las respuestas al pliego de demandas\u2026 se va a estar analizando en la pr\u00f3xima asamblea estatal que se va a instalar el pr\u00f3ximo s\u00e1bado 17 de mayo\u201d, inform\u00f3 la secretaria General del gremio magisterial, Yenny Aracely P\u00e9rez Mart\u00ednez.<\/p>\n\n\n\n<p>A trav\u00e9s de un video que difundi\u00f3 anoche el \u00e1rea de comunicaci\u00f3n de la Secci\u00f3n 22, reconoci\u00f3 tambi\u00e9n a los maestros que arribaron a la Ciudad de M\u00e9xico, para iniciar ayer el paro indefinido de labores, pero con miras ademas a arribar a una huelga nacional.<\/p>\n\n\n\n<p>Ayer, luego de una marcha masiva, secciones del magisterio aglutinadas en la Coordinadora Nacional de Trabajadores de la Educaci\u00f3n (CNTE), inici\u00f3 el \u201cplant\u00f3n\u201d indefinido en el z\u00f3calo de la capital del pa\u00eds y calles aleda\u00f1as.<\/p>\n\n\n\n<p>Ser\u00e1 la Asamblea Nacional Representativa la que determine las acciones que efectuar\u00e1n este martes y los pr\u00f3ximos d\u00edas, con la finalidad de presionar respuestas a sus demandas.<\/p>\n\n\n\n<p>Entre ellas, la principal, la abrogaci\u00f3n de la Ley del ISSSTE del a\u00f1o 2007; en el caso de Oaxaca, tambi\u00e9n la derogaci\u00f3n de reformas aprobadas en la entidad en el a\u00f1o 2015 que, entre otras cosas, elimin\u00f3 la intervenci\u00f3n del magisterio en las determinaciones gubernamentales a trav\u00e9s del Instituto Estatal de Educaci\u00f3n P\u00fablica de Oaxaca.<\/p>\n\n\n\n<p>En el caso del aumento salarial, ayer la Presidenta de M\u00e9xico, Claudia Sheinbaum, anunci\u00f3 un incremento del nueve por ciento, retroactivo a enero, y en septiembre pr\u00f3ximo se aumentar\u00eda otro uno por ciento.<\/p>\n\n\n\n<p>Sin embargo, la medida fue rechazada por el magisterio aglutinado en la CNTE.<\/p>\n\n\n\n<p>RECHAZA PROPAGANDA<\/p>\n\n\n\n<p>Por otra parte, a trav\u00e9s de un comunicado, la Secci\u00f3n 22 del SNTE rechaz\u00f3 la propaganda \u201ctendenciosa\u201d que la Secretar\u00eda de Educaci\u00f3n P\u00fablica difundi\u00f3 el pasado mi\u00e9rcoles.<\/p>\n\n\n\n<p>\u201cEn un intento burdo de denostar la lucha del magisterio, el d\u00eda 14 de mayo (un d\u00eda antes de estallar la huelga nacional) amanecieron lonas de la Secretar\u00eda de Educaci\u00f3n P\u00fablica colgadas por los servidores de la naci\u00f3n afuera de las escuelas del estado de Oaxaca.<\/p>\n\n\n\n<p>\u201cEn estas se exponen los logros de la lucha magisterial como d\u00e1divas del gobierno, tales como la entrega de uniformes escolares y el equipamiento tecnol\u00f3gico e infraestructura a las escuelas de educaci\u00f3n b\u00e1sica, media superior y superior.&nbsp;<\/p>\n\n\n\n<p>\u201cLa estrategia de presentar cifras y datos en las lonas, es enga\u00f1osa y torpe, considerando que el gobierno se vio obligado a destinar estos recursos a partir de las movilizaciones en el estado y la Ciudad de M\u00e9xico por parte de la combativa Secci\u00f3n 22.&nbsp;<\/p>\n\n\n\n<p>\u201cEn las lonas les falt\u00f3 agregar el n\u00famero de madres y padres de familia que a estas alturas del ciclo escolar no han recibido el monto designado para los uniformes escolares, el equipamiento tecnol\u00f3gico y mobiliario que a\u00fan no llega a las m\u00e1s de 11 mil escuelas de educaci\u00f3n b\u00e1sica y media superior, a pesar de que fue un acuerdo minutado desde el a\u00f1o pasado\u201d, recrimin\u00f3.<\/p>\n\n\n\n<p>Asegur\u00f3 que el acto de colgar estas lonas en v\u00edsperas del paro indefinido \u201cpersigue el objetivo mezquino de sembrar dudas a las madres, padres y tutores de nuestros estudiantes\u201d.&nbsp;<\/p>\n","protected":false},"excerpt":{"rendered":"<p>Ismael Garc\u00eda M.\/Zona Roja. Oaxaca de Ju\u00e1rez, Oax., a 16 de mayo de 2025.- Conforme&hellip;<\/p>\n","protected":false},"author":2,"featured_media":80384,"comment_status":"closed","ping_status":"open","sticky":false,"template":"","format":"standard","meta":{"_lmt_disableupdate":"","_lmt_disable":"","_jetpack_memberships_contains_paid_content":false,"footnotes":""},"categories":[109,47],"tags":[312],"class_list":["post-80383","post","type-post","status-publish","format-standard","has-post-thumbnail","hentry","category-minuto-a-minuto","category-zona-gris","tag-seccion-22-del-snte"],"jetpack_featured_media_url":"https:\/\/zonaroja.com.mx\/wp-content\/uploads\/2025\/05\/Marcha-Seccion-22-en-la-Ciudad-de-Mexico-CNTE.jpg","jetpack_sharing_enabled":true,"_links":{"self":[{"href":"https:\/\/zonaroja.com.mx\/index.php?rest_route=\/wp\/v2\/posts\/80383","targetHints":{"allow":["GET"]}}],"collection":[{"href":"https:\/\/zonaroja.com.mx\/index.php?rest_route=\/wp\/v2\/posts"}],"about":[{"href":"https:\/\/zonaroja.com.mx\/index.php?rest_route=\/wp\/v2\/types\/post"}],"author":[{"embeddable":true,"href":"https:\/\/zonaroja.com.mx\/index.php?rest_route=\/wp\/v2\/users\/2"}],"replies":[{"embeddable":true,"href":"https:\/\/zonaroja.com.mx\/index.php?rest_route=%2Fwp%2Fv2%2Fcomments&post=80383"}],"version-history":[{"count":1,"href":"https:\/\/zonaroja.com.mx\/index.php?rest_route=\/wp\/v2\/posts\/80383\/revisions"}],"predecessor-version":[{"id":80385,"href":"https:\/\/zonaroja.com.mx\/index.php?rest_route=\/wp\/v2\/posts\/80383\/revisions\/80385"}],"wp:featuredmedia":[{"embeddable":true,"href":"https:\/\/zonaroja.com.mx\/index.php?rest_route=\/wp\/v2\/media\/80384"}],"wp:attachment":[{"href":"https:\/\/zonaroja.com.mx\/index.php?rest_route=%2Fwp%2Fv2%2Fmedia&parent=80383"}],"wp:term":[{"taxonomy":"category","embeddable":true,"href":"https:\/\/zonaroja.com.mx\/index.php?rest_route=%2Fwp%2Fv2%2Fcategories&post=80383"},{"taxonomy":"post_tag","embeddable":true,"href":"https:\/\/zonaroja.com.mx\/index.php?rest_route=%2Fwp%2Fv2%2Ftags&post=80383"}],"curies":[{"name":"wp","href":"https:\/\/api.w.org\/{rel}","templated":true}]}}