{"id":80399,"date":"2025-05-16T12:21:00","date_gmt":"2025-05-16T18:21:00","guid":{"rendered":"https:\/\/zonaroja.com.mx\/?p=80399"},"modified":"2025-05-16T08:21:40","modified_gmt":"2025-05-16T14:21:40","slug":"acuerdan-la-sectur-y-asociaciones-detonar-el-turismo-y-el-desarrollo-economico","status":"publish","type":"post","link":"https:\/\/zonaroja.com.mx\/?p=80399","title":{"rendered":"Acuerdan la Sectur y asociaciones detonar el turismo y el desarrollo econ\u00f3mico\u00a0"},"content":{"rendered":"\n<p>Redacci\u00f3n\/Zona Roja.<\/p>\n\n\n\n<p>Oaxaca, Oax., a 16 de mayo de 2025.- La titular de la Secretar\u00eda de Turismo (Sectur Oaxaca), Saymi Pineda Velasco, firm\u00f3 un convenio de colaboraci\u00f3n con diversas asociaciones tur\u00edsticas del estado, para unir esfuerzos y consolidar el trabajo colaborativo que contribuya al fortalecimiento de este sector, as\u00ed como su desarrollo sostenible.<\/p>\n\n\n\n<p>Este acuerdo tiene como prop\u00f3sito mejorar el suministro, procesamiento y difusi\u00f3n de informaci\u00f3n generada a trav\u00e9s de programas de monitoreo y evaluaci\u00f3n de la actividad tur\u00edstica en todo el estado.<\/p>\n\n\n\n<p>La funcionaria destac\u00f3 que, con este paso se beneficia al turismo en Oaxaca, toda vez que representa una alianza estrat\u00e9gica que reconoce el valor de la colaboraci\u00f3n entre los sectores p\u00fablico y privado, con el que se podr\u00e1 contar con datos confiables, oportunos y analizados para tomar mejores decisiones y dise\u00f1ar pol\u00edticas p\u00fablicas m\u00e1s efectivas.<\/p>\n\n\n\n<p>Adem\u00e1s de identificar oportunidades, atender retos y fortalecer las capacidades como estado l\u00edder en diferentes segmentos; ya que la visi\u00f3n del Gobernador Salom\u00f3n Jara Cruz es convertir el turismo en un motor de desarrollo econ\u00f3mico y de bienestar social para los pueblos.<\/p>\n\n\n\n<p>Desde la Secretar\u00eda de Turismo, se\u00f1al\u00f3 Pineda Velasco, se refrenda el compromiso con la transparencia e innovaci\u00f3n, en el que participan diversas asociaciones que fungen como \u00f3rganos de consulta.<\/p>\n\n\n\n<p>\u201cInvitamos a las y los actores del sector a seguir sumando voluntades, haciendo del turismo una responsabilidad compartida y una herramienta de justicia social para nuestros pueblos\u201d, enfatiz\u00f3.<\/p>\n\n\n\n<p>En tanto, las y los representantes de las asociaciones coincidieron en que se han sumado esfuerzos para consolidar la actividad tur\u00edstica como un detonador de bienestar social, a trav\u00e9s de festivales y ferias que atraen a visitantes internacionales, nacionales y locales a las distintas regiones del estado.<\/p>\n\n\n\n<p>El convenio se firm\u00f3 con representantes de las asociaciones Mexicana de Hoteles y Moteles de Oaxaca (AMHMO); Mexicana de Hoteles y Moteles de Puerto Escondido; de Hoteles de Huatulco; de Hoteles de Santa Mar\u00eda Colotepec; Femenil de Ejecutivos de Empresas Tur\u00edsticas de Oaxaca (AFEET); de Hoteles y Moteles de la Verde Antequera (AHMVA); Mexicana de Hoteles y Moteles de la Mixteca; as\u00ed como Promotores y Hoteleros Tur\u00edsticos de la Costa de Oaxaca A. C. (Prohotur).<\/p>\n","protected":false},"excerpt":{"rendered":"<p>Redacci\u00f3n\/Zona Roja. Oaxaca, Oax., a 16 de mayo de 2025.- La titular de la Secretar\u00eda&hellip;<\/p>\n","protected":false},"author":2,"featured_media":80387,"comment_status":"closed","ping_status":"open","sticky":false,"template":"","format":"standard","meta":{"_lmt_disableupdate":"","_lmt_disable":"","_jetpack_memberships_contains_paid_content":false,"footnotes":""},"categories":[109,46],"tags":[1031],"class_list":["post-80399","post","type-post","status-publish","format-standard","has-post-thumbnail","hentry","category-minuto-a-minuto","category-zona-blanca","tag-secretaria-de-turismo-oaxaca"],"jetpack_featured_media_url":"https:\/\/zonaroja.com.mx\/wp-content\/uploads\/2025\/05\/Firma-Sectur-convenio-con-asociaciones-para-detonar-el-turismo-y-el-desarrollo-economico-de-Oaxaca-1.jpeg","jetpack_sharing_enabled":true,"_links":{"self":[{"href":"https:\/\/zonaroja.com.mx\/index.php?rest_route=\/wp\/v2\/posts\/80399","targetHints":{"allow":["GET"]}}],"collection":[{"href":"https:\/\/zonaroja.com.mx\/index.php?rest_route=\/wp\/v2\/posts"}],"about":[{"href":"https:\/\/zonaroja.com.mx\/index.php?rest_route=\/wp\/v2\/types\/post"}],"author":[{"embeddable":true,"href":"https:\/\/zonaroja.com.mx\/index.php?rest_route=\/wp\/v2\/users\/2"}],"replies":[{"embeddable":true,"href":"https:\/\/zonaroja.com.mx\/index.php?rest_route=%2Fwp%2Fv2%2Fcomments&post=80399"}],"version-history":[{"count":1,"href":"https:\/\/zonaroja.com.mx\/index.php?rest_route=\/wp\/v2\/posts\/80399\/revisions"}],"predecessor-version":[{"id":80400,"href":"https:\/\/zonaroja.com.mx\/index.php?rest_route=\/wp\/v2\/posts\/80399\/revisions\/80400"}],"wp:featuredmedia":[{"embeddable":true,"href":"https:\/\/zonaroja.com.mx\/index.php?rest_route=\/wp\/v2\/media\/80387"}],"wp:attachment":[{"href":"https:\/\/zonaroja.com.mx\/index.php?rest_route=%2Fwp%2Fv2%2Fmedia&parent=80399"}],"wp:term":[{"taxonomy":"category","embeddable":true,"href":"https:\/\/zonaroja.com.mx\/index.php?rest_route=%2Fwp%2Fv2%2Fcategories&post=80399"},{"taxonomy":"post_tag","embeddable":true,"href":"https:\/\/zonaroja.com.mx\/index.php?rest_route=%2Fwp%2Fv2%2Ftags&post=80399"}],"curies":[{"name":"wp","href":"https:\/\/api.w.org\/{rel}","templated":true}]}}