{"id":80403,"date":"2025-05-16T13:23:00","date_gmt":"2025-05-16T19:23:00","guid":{"rendered":"https:\/\/zonaroja.com.mx\/?p=80403"},"modified":"2025-05-16T08:24:30","modified_gmt":"2025-05-16T14:24:30","slug":"unicef-mexico-alerta-por-reclutamiento-de-menores-por-el-crimen-organizado","status":"publish","type":"post","link":"https:\/\/zonaroja.com.mx\/?p=80403","title":{"rendered":"Unicef M\u00e9xico alerta por reclutamiento de menores por el crimen organizado"},"content":{"rendered":"\n<p>Redacci\u00f3n\/Zona Roja Cdmx.<\/p>\n\n\n\n<p>Ciudad de M\u00e9xico, a 16 de mayo de 2025.- La utilizaci\u00f3n y el reclutamiento de menores por grupos del crimen organizado \u201ces una pr\u00e1ctica muy com\u00fan y estamos muy preocupados\u201d, afirma a EFE la jefa de Protecci\u00f3n de la Infancia de Unicef en M\u00e9xico, Roc\u00edo Aznar, por lo que urge a mirar \u201cen particular por qu\u00e9 los adolescentes est\u00e1n desapareciendo\u201d.<\/p>\n\n\n\n<p>Seg\u00fan un informe de la Universidad de Guadalajara (UdeG), en Jalisco, donde se ubica el Rancho Izaguirre, presunto campo de adiestramiento del Cartel Jalisco Nueva Generaci\u00f3n (CJNG), las personas de entre 15 y 19 a\u00f1os ocupan el primer lugar en desapariciones entre enero y abril de 2025, con 122 reportes, siendo la causa m\u00e1s probable el reclutamiento forzado por el crimen organizado.<\/p>\n\n\n\n<p>A esto se suma que \u201cuna de las principales causas de muerte en adolescentes en M\u00e9xico es el homicidio\u201d, explica el especialista en Protecci\u00f3n a la Infancia de Unicef, Juan Rodr\u00edguez, lo cual tambi\u00e9n podr\u00eda tener una \u201cvinculaci\u00f3n\u201d con los grupos criminales que reclutan y utilizan a ni\u00f1os, ni\u00f1as y adolescentes para cumplir roles que van desde la mensajer\u00eda hasta el sicariato.<\/p>\n\n\n\n<p>Por lo tanto, expone, una de las propuestas de Unicef es la tipificaci\u00f3n del delito del reclutamiento y utilizaci\u00f3n para \u201cla protecci\u00f3n de las infancias\u201d, pero tambi\u00e9n porque \u201cest\u00e1 en la l\u00ednea de prevenci\u00f3n del crimen organizado\u201d, que ha cooptado a 30 mil menores, seg\u00fan la Red por los Derechos de la Infancia en M\u00e9xico (Redim).<\/p>\n\n\n\n<p>\u201cLos grupos (criminales) se han aprovechado de las condiciones o las ventajas que tendr\u00eda el reclutar a ni\u00f1os y ni\u00f1as. Uno, son m\u00e1s econ\u00f3micos y, dos, las penas imputables son m\u00e1s bajas que las de un adulto\u201d, detalla Rodr\u00edguez.<\/p>\n\n\n\n<p>A la fecha, Unicef no cuenta con cifras concretas sobre esta afectaci\u00f3n a la infancia a nivel nacional, ya que, al no haber tipificaci\u00f3n, se dificulta el \u201cacceso al n\u00famero de v\u00edctimas de reclutamiento y utilizaci\u00f3n\u201d.<\/p>\n\n\n\n<p>Sin embargo, Aznar aclara que, a pesar de la falta de cifras, este problema existe y \u201ces una de las vulneraciones de derechos m\u00e1s graves (&#8230;) Estos ni\u00f1os, ni\u00f1as y adolescentes est\u00e1n expuestos a las peores formas de violencia, las ven, las sufren y, a veces, las ejecutan\u201d.<\/p>\n\n\n\n<p>En ese sentido, destaca, es necesario que \u201cel Estado (mexicano) reaccione\u201d y reconozca que \u201ctodo reclutamiento y utilizaci\u00f3n de una persona de menos de 18 a\u00f1os, que todav\u00eda est\u00e1 en proceso de desarrollo, es forzada\u201d.<\/p>\n\n\n\n<p>Tambi\u00e9n, porque quien est\u00e1 siendo juzgado no es el reclutador, sino \u201cel adolescente que ha cometido un delito porque lo han utilizado, se han aprovechado de su vulnerabilidad como menor (&#8230;) El foco y la responsabilidad est\u00e1 en la v\u00edctima\u201d, sostiene.<\/p>\n\n\n\n<p>Adem\u00e1s, insiste Rodr\u00edguez, \u201clos ni\u00f1os y las ni\u00f1as no son reclutados \u00fanicamente con el fin de cometer un delito, tambi\u00e9n son reclutados para que cumplan otros roles, de mensajer\u00eda o cocineros. Esos roles tambi\u00e9n los exponen a niveles de violencia o riesgos que no necesariamente cumplen con actividades de tipo operativo como el joven sicario, el que secuestra\u201d.<\/p>\n\n\n\n<p>Aznar agrega que \u201cseguimos instando al Estado mexicano a que adopte una pol\u00edtica m\u00e1s all\u00e1 de un programa espec\u00edfico o coyuntural o temporal\u201d, lo que ser\u00eda la primera pol\u00edtica nacional integral de prevenci\u00f3n y de atenci\u00f3n al reclutamiento para un pa\u00eds donde tambi\u00e9n hay m\u00e1s de 12 mil personas no localizadas desde que existe registro en la d\u00e9cada de 1960.<\/p>\n\n\n\n<p>La infancia y la juventud mexicana que se enfrenta a la violencia armada \u201cmerece la oportunidad de poder sanar, de reconstruir su vida y si han hecho da\u00f1o de poder repararlo de una manera constructiva\u201d, concluye.<\/p>\n\n\n\n<p>En respuesta, la presidenta Claudia Sheinbaum ha ofrecido desarrollar \u201ctodos los esquemas necesarios\u201d para atender a la juventud en Jalisco, luego de que el informe de la UdeG alertara sobre el reclutamiento forzado de j\u00f3venes en ese estado mexicano.<\/p>\n\n\n\n<p>(Informaci\u00f3n de la agencia EFE en \u201cEl Financiero\u201d)<\/p>\n","protected":false},"excerpt":{"rendered":"<p>Redacci\u00f3n\/Zona Roja Cdmx. Ciudad de M\u00e9xico, a 16 de mayo de 2025.- La utilizaci\u00f3n y&hellip;<\/p>\n","protected":false},"author":2,"featured_media":64581,"comment_status":"closed","ping_status":"open","sticky":false,"template":"","format":"standard","meta":{"_lmt_disableupdate":"","_lmt_disable":"","_jetpack_memberships_contains_paid_content":false,"footnotes":""},"categories":[109,47],"tags":[],"class_list":["post-80403","post","type-post","status-publish","format-standard","has-post-thumbnail","hentry","category-minuto-a-minuto","category-zona-gris"],"jetpack_featured_media_url":"https:\/\/zonaroja.com.mx\/wp-content\/uploads\/2024\/01\/Ninos-arma-Guerrero.jpeg","jetpack_sharing_enabled":true,"_links":{"self":[{"href":"https:\/\/zonaroja.com.mx\/index.php?rest_route=\/wp\/v2\/posts\/80403","targetHints":{"allow":["GET"]}}],"collection":[{"href":"https:\/\/zonaroja.com.mx\/index.php?rest_route=\/wp\/v2\/posts"}],"about":[{"href":"https:\/\/zonaroja.com.mx\/index.php?rest_route=\/wp\/v2\/types\/post"}],"author":[{"embeddable":true,"href":"https:\/\/zonaroja.com.mx\/index.php?rest_route=\/wp\/v2\/users\/2"}],"replies":[{"embeddable":true,"href":"https:\/\/zonaroja.com.mx\/index.php?rest_route=%2Fwp%2Fv2%2Fcomments&post=80403"}],"version-history":[{"count":1,"href":"https:\/\/zonaroja.com.mx\/index.php?rest_route=\/wp\/v2\/posts\/80403\/revisions"}],"predecessor-version":[{"id":80404,"href":"https:\/\/zonaroja.com.mx\/index.php?rest_route=\/wp\/v2\/posts\/80403\/revisions\/80404"}],"wp:featuredmedia":[{"embeddable":true,"href":"https:\/\/zonaroja.com.mx\/index.php?rest_route=\/wp\/v2\/media\/64581"}],"wp:attachment":[{"href":"https:\/\/zonaroja.com.mx\/index.php?rest_route=%2Fwp%2Fv2%2Fmedia&parent=80403"}],"wp:term":[{"taxonomy":"category","embeddable":true,"href":"https:\/\/zonaroja.com.mx\/index.php?rest_route=%2Fwp%2Fv2%2Fcategories&post=80403"},{"taxonomy":"post_tag","embeddable":true,"href":"https:\/\/zonaroja.com.mx\/index.php?rest_route=%2Fwp%2Fv2%2Ftags&post=80403"}],"curies":[{"name":"wp","href":"https:\/\/api.w.org\/{rel}","templated":true}]}}