{"id":80408,"date":"2025-05-17T07:35:00","date_gmt":"2025-05-17T13:35:00","guid":{"rendered":"https:\/\/zonaroja.com.mx\/?p=80408"},"modified":"2025-05-17T06:36:31","modified_gmt":"2025-05-17T12:36:31","slug":"en-abandono-muere-normalista-sobreviviente-de-ayotzinapa","status":"publish","type":"post","link":"https:\/\/zonaroja.com.mx\/?p=80408","title":{"rendered":"En abandono, muere normalista sobreviviente de Ayotzinapa"},"content":{"rendered":"\n<p>Redacci\u00f3n\/Zona Roja Cdmx.<\/p>\n\n\n\n<p>Ciudad de M\u00e9xico, a 17 de mayo de 2025.- El normalista Jonathan Maldonado Hern\u00e1ndez, sobreviviente al ataque del 26 de septiembre de 2014, en el que 43 estudiantes de la Normal de Ayotzinapa fueron desaparecidos en Iguala, Guerrero, \u201cmuri\u00f3 en el completo abandono por parte de las autoridades encargadas de dar seguimiento al caso\u201d, inform\u00f3 el Colectivo Nacional De Sobrevivientes Del Caso Ayotzinapa.<\/p>\n\n\n\n<p>En la llamada Noche de Iguala, Maldonado Hern\u00e1ndez fue uno de los normalistas que lograron sobrevivir al ataque que antecedi\u00f3 a la desaparici\u00f3n de los 43 estudiantes, en el cual perdi\u00f3 varios dedos de su mano derecha por un balazo recibido durante la agresi\u00f3n.&nbsp;<\/p>\n\n\n\n<p>El joven colabor\u00f3 en la investigaci\u00f3n oficial de la Fiscal\u00eda General de la Rep\u00fablica, as\u00ed como en los trabajos documentales del Grupo Interdisciplinario de Expertos Independientes (GIEI) y la Comisi\u00f3n de la Verdad para el Acceso a la Justicia en el Caso Ayotzinapa (Covaj).<\/p>\n\n\n\n<p>A pesar de ser una v\u00edctima directa, \u201cle fue negado el apoyo psicol\u00f3gico y psiqui\u00e1trico por parte de la CEAV (Comisi\u00f3n Ejecutiva de Atenci\u00f3n a V\u00edctimas) desde el 2014\u201d y \u201cnunca obtuvo ayuda m\u00e9dica ni la rehabilitaci\u00f3n adecuada tras la p\u00e9rdida de los dedos de su mano\u201d.<\/p>\n\n\n\n<p>En sus \u00faltimos d\u00edas, se\u00f1al\u00f3 el Colectivo, Maldonado permaneci\u00f3 internado en un hospital particular \u201cpues la ayuda en instituciones de salud p\u00fablica fue inexistente\u201d, y a pesar de que el gobierno se comprometi\u00f3 a apoyar con los gastos funerarios, esto \u201cno ha ocurrido\u201d.<\/p>\n\n\n\n<p>Ante la muerte del normalista, el Colectivo critic\u00f3 \u201cel cinismo gubernamental\u201d de las autoridades, \u201cquienes pregonan apoyar en p\u00fablico, pero en realidad s\u00f3lo hay abandono, revictimizaci\u00f3n e ignorancia\u201d.<\/p>\n\n\n\n<p>(Informaci\u00f3n de \u201cDesinform\u00e9monos\u201d)<\/p>\n","protected":false},"excerpt":{"rendered":"<p>Redacci\u00f3n\/Zona Roja Cdmx. Ciudad de M\u00e9xico, a 17 de mayo de 2025.- El normalista Jonathan&hellip;<\/p>\n","protected":false},"author":2,"featured_media":80409,"comment_status":"closed","ping_status":"open","sticky":false,"template":"","format":"standard","meta":{"_lmt_disableupdate":"","_lmt_disable":"","_jetpack_memberships_contains_paid_content":false,"footnotes":""},"categories":[109,47],"tags":[715],"class_list":["post-80408","post","type-post","status-publish","format-standard","has-post-thumbnail","hentry","category-minuto-a-minuto","category-zona-gris","tag-normalistas-ayotzinapa"],"jetpack_featured_media_url":"https:\/\/zonaroja.com.mx\/wp-content\/uploads\/2025\/05\/Muere-normalista-sobreviviente-Ayotzinapa.jpeg","jetpack_sharing_enabled":true,"_links":{"self":[{"href":"https:\/\/zonaroja.com.mx\/index.php?rest_route=\/wp\/v2\/posts\/80408","targetHints":{"allow":["GET"]}}],"collection":[{"href":"https:\/\/zonaroja.com.mx\/index.php?rest_route=\/wp\/v2\/posts"}],"about":[{"href":"https:\/\/zonaroja.com.mx\/index.php?rest_route=\/wp\/v2\/types\/post"}],"author":[{"embeddable":true,"href":"https:\/\/zonaroja.com.mx\/index.php?rest_route=\/wp\/v2\/users\/2"}],"replies":[{"embeddable":true,"href":"https:\/\/zonaroja.com.mx\/index.php?rest_route=%2Fwp%2Fv2%2Fcomments&post=80408"}],"version-history":[{"count":1,"href":"https:\/\/zonaroja.com.mx\/index.php?rest_route=\/wp\/v2\/posts\/80408\/revisions"}],"predecessor-version":[{"id":80410,"href":"https:\/\/zonaroja.com.mx\/index.php?rest_route=\/wp\/v2\/posts\/80408\/revisions\/80410"}],"wp:featuredmedia":[{"embeddable":true,"href":"https:\/\/zonaroja.com.mx\/index.php?rest_route=\/wp\/v2\/media\/80409"}],"wp:attachment":[{"href":"https:\/\/zonaroja.com.mx\/index.php?rest_route=%2Fwp%2Fv2%2Fmedia&parent=80408"}],"wp:term":[{"taxonomy":"category","embeddable":true,"href":"https:\/\/zonaroja.com.mx\/index.php?rest_route=%2Fwp%2Fv2%2Fcategories&post=80408"},{"taxonomy":"post_tag","embeddable":true,"href":"https:\/\/zonaroja.com.mx\/index.php?rest_route=%2Fwp%2Fv2%2Ftags&post=80408"}],"curies":[{"name":"wp","href":"https:\/\/api.w.org\/{rel}","templated":true}]}}