{"id":8041,"date":"2020-01-25T09:55:29","date_gmt":"2020-01-25T15:55:29","guid":{"rendered":"http:\/\/www.zonaroja.com.mx\/?p=8041"},"modified":"2020-01-25T08:00:40","modified_gmt":"2020-01-25T14:00:40","slug":"carreteras-de-la-cuenca-e-istmo-de-oaxaca-entre-las-mas-violentas-de-pais","status":"publish","type":"post","link":"https:\/\/zonaroja.com.mx\/?p=8041","title":{"rendered":"Carreteras de la Cuenca e Istmo de Oaxaca, entre las m\u00e1s violentas de pa\u00eds"},"content":{"rendered":"\n<p>Yuridiana Sosa\/Zona Roja.<\/p>\n\n\n\n<p>Oaxaca de Ju\u00e1rez, Oax., 25 de enero de\n2020.- Las carreteras federales ubicadas en la regi\u00f3n de la Cuenca y el Istmo\nde Tehuantepec de Oaxaca, est\u00e1n catalogadas entre las m\u00e1s peligrosas de M\u00e9xico\npara ser transitadas.<\/p>\n\n\n\n<p>De acuerdo a un informe p\u00fablico,\nrealizado por una empresa de Estados Unidos de Norteam\u00e9rica, se difundi\u00f3 que\nTuxtepec, de forma espec\u00edfica, adem\u00e1s de parte de la regi\u00f3n de la Cuenca y el\nIstmo cuentan con la advertencia de \u201cprohibido\u201d y \u201calto riesgo\u201d por la\ninseguridad que representan para la ciudadan\u00eda.<\/p>\n\n\n\n<p>La clasificaci\u00f3n realizada por la\nempresa para sus trabajadores en M\u00e9xico detalla que la clasificaci\u00f3n se determin\u00f3\nde acuerdo a presencia del crimen organizado, la tendencia de delitos de alto y\nbajo impacto e \u00edndice delictivo por estado.<\/p>\n\n\n\n<p>Tuxtepec tiene la clasificaci\u00f3n de\n\u201cprohibido\u201d, que indica \u201cno realizar viajes de trabajo a las entidades marcadas\nen rojo o clasificadas de alto riesgo. <\/p>\n\n\n\n<p>Pero, adem\u00e1s, su grado de peligrosidad\nse intensifica al compartir vialidad federal con Veracruz, (carretera 145 Loma\nBonita, Oaxaca -Sayula de Alem\u00e1n, Veracruz) la cual tambi\u00e9n est\u00e1 en la\ncategor\u00eda. Esta carretera tambi\u00e9n atraviesa comunidades en la jurisdicci\u00f3n de\nTuxtepec.<\/p>\n\n\n\n<p>\u201cProhibido operaciones de noche en la\nzona de Tuxtepec as\u00ed como la zona de Juchit\u00e1n, existe registro de ataques a\nedificios gubernamentales en la zona por lo que es importante permanecer\nalerta. Se ha detectado que personas provenientes del estado de Veracruz cruzan\nlos l\u00edmites de Oaxaca para delinquir\u201d, cita el reporte oficial.<\/p>\n\n\n\n<p>El informe de la compa\u00f1\u00eda MSD tambi\u00e9n establece que en las entidades de alto riesgo donde se proh\u00edbe realizar viajes de negocio, la actividad delictiva puede ocasionar situaciones de peligro inminentes y da\u00f1o a la poblaci\u00f3n civil con delitos de alto impacto.<\/p>\n\n\n\n<p>Asimismo se contemplan carretas de alto\nriego en Sonora con cinco rutas; Chihuahua, Nuevo Le\u00f3n y Sinaloa, tres; San\nLuis Potos\u00ed, Baja California y Zacatecas, cuatro; Morelos, cinco; Guerrero,\nVeracruz y Michoac\u00e1n, ocho; Tamaulipas y Ciudad de M\u00e9xico, cinco; Puebla y\nEstado de M\u00e9xico, seis; Oaxaca, tres; Guanajuato, siete; Jalisco, dos y Colima,\nuno.<\/p>\n","protected":false},"excerpt":{"rendered":"<p>Yuridiana Sosa\/Zona Roja. Oaxaca de Ju\u00e1rez, Oax., 25 de enero de 2020.- Las carreteras federales&hellip;<\/p>\n","protected":false},"author":2,"featured_media":8042,"comment_status":"closed","ping_status":"open","sticky":false,"template":"","format":"standard","meta":{"_lmt_disableupdate":"","_lmt_disable":"","_jetpack_memberships_contains_paid_content":false,"footnotes":""},"categories":[109,51],"tags":[1315],"class_list":["post-8041","post","type-post","status-publish","format-standard","has-post-thumbnail","hentry","category-minuto-a-minuto","category-zona-roja","tag-violencia-carreteras-oaxaca"],"jetpack_featured_media_url":"https:\/\/zonaroja.com.mx\/wp-content\/uploads\/2020\/01\/Muertes-carreteras.jpg","jetpack_sharing_enabled":true,"_links":{"self":[{"href":"https:\/\/zonaroja.com.mx\/index.php?rest_route=\/wp\/v2\/posts\/8041","targetHints":{"allow":["GET"]}}],"collection":[{"href":"https:\/\/zonaroja.com.mx\/index.php?rest_route=\/wp\/v2\/posts"}],"about":[{"href":"https:\/\/zonaroja.com.mx\/index.php?rest_route=\/wp\/v2\/types\/post"}],"author":[{"embeddable":true,"href":"https:\/\/zonaroja.com.mx\/index.php?rest_route=\/wp\/v2\/users\/2"}],"replies":[{"embeddable":true,"href":"https:\/\/zonaroja.com.mx\/index.php?rest_route=%2Fwp%2Fv2%2Fcomments&post=8041"}],"version-history":[{"count":1,"href":"https:\/\/zonaroja.com.mx\/index.php?rest_route=\/wp\/v2\/posts\/8041\/revisions"}],"predecessor-version":[{"id":8043,"href":"https:\/\/zonaroja.com.mx\/index.php?rest_route=\/wp\/v2\/posts\/8041\/revisions\/8043"}],"wp:featuredmedia":[{"embeddable":true,"href":"https:\/\/zonaroja.com.mx\/index.php?rest_route=\/wp\/v2\/media\/8042"}],"wp:attachment":[{"href":"https:\/\/zonaroja.com.mx\/index.php?rest_route=%2Fwp%2Fv2%2Fmedia&parent=8041"}],"wp:term":[{"taxonomy":"category","embeddable":true,"href":"https:\/\/zonaroja.com.mx\/index.php?rest_route=%2Fwp%2Fv2%2Fcategories&post=8041"},{"taxonomy":"post_tag","embeddable":true,"href":"https:\/\/zonaroja.com.mx\/index.php?rest_route=%2Fwp%2Fv2%2Ftags&post=8041"}],"curies":[{"name":"wp","href":"https:\/\/api.w.org\/{rel}","templated":true}]}}