{"id":80419,"date":"2025-05-17T11:00:00","date_gmt":"2025-05-17T17:00:00","guid":{"rendered":"https:\/\/zonaroja.com.mx\/?p=80419"},"modified":"2025-05-17T07:44:50","modified_gmt":"2025-05-17T13:44:50","slug":"sentencian-a-39-anos-de-prision-a-violador-de-adolescente-en-zona-mazateca","status":"publish","type":"post","link":"https:\/\/zonaroja.com.mx\/?p=80419","title":{"rendered":"Sentencian a 39 a\u00f1os de prisi\u00f3n a violador de adolescente en zona mazateca"},"content":{"rendered":"\n<p>Redacci\u00f3n\/Zona Roja.&nbsp;<\/p>\n\n\n\n<p>Oaxaca, Oax., a 17 de mayo de 2025.-&nbsp;La Fiscal\u00eda General del Estado de Oaxaca (FGEO) obtuvo una sentencia condenatoria de 39 a\u00f1os de prisi\u00f3n en contra de una persona identificada como Gregorio C.R., responsable de los delitos de violaci\u00f3n y abuso sexual agravado en agravio de una adolescente, hechos ocurridos en la Sierra de Flores Mag\u00f3n.<\/p>\n\n\n\n<p>De acuerdo con el expediente penal, los hechos ocurrieron en varias ocasiones, los d\u00edas 11, 14 de enero y 21 de septiembre de 2019, fechas en que la v\u00edctima (una adolescente de 12 a\u00f1os de edad, cuyos datos se reservan por ley) fue agredida sexualmente por el hoy sentenciado al interior de un domicilio ubicado en la localidad de Agua Mosquito perteneciente a Mazatl\u00e1n Villa de Flores del distrito de Teotitl\u00e1n de Flores Mag\u00f3n.<\/p>\n\n\n\n<p>Cuando la FGEO tom\u00f3 conocimiento del caso a trav\u00e9s de la denuncia interpuesta, inici\u00f3 la carpeta de investigaci\u00f3n correspondiente a trav\u00e9s de la Vicefiscal\u00eda General de Control Regional que realiz\u00f3 los trabajos ministeriales con perspectiva de infancia y g\u00e9nero, lo que permiti\u00f3 obtener una orden de aprehensi\u00f3n contra Gregorio C.R., y posteriormente llev\u00f3 a cabo su detenci\u00f3n para llevarlo ante el Juez que lo requiri\u00f3.<\/p>\n\n\n\n<p>Tras el desahogo de pruebas presentadas por la Fiscal\u00eda de Oaxaca, el Juez que atiende la causa determin\u00f3 dictar sentencia condenatoria de 39 a\u00f1os de prisi\u00f3n en contra de Gregorio C.R., al hallarlo culpable por los delitos de violaci\u00f3n y abuso sexual agravado, adem\u00e1s de imponer una multa econ\u00f3mica y la reparaci\u00f3n del da\u00f1o en abstracto.<\/p>\n\n\n\n<p>La Fiscal\u00eda de Oaxaca reitera su compromiso de garantizar un adecuado proceso de procuraci\u00f3n de justicia, especialmente en casos de delitos sexuales en los que las v\u00edctimas sean ni\u00f1as, ni\u00f1os o adolescentes, para presentar ante la justicia a quien o quienes resulten responsables.<\/p>\n","protected":false},"excerpt":{"rendered":"<p>Redacci\u00f3n\/Zona Roja.&nbsp; Oaxaca, Oax., a 17 de mayo de 2025.-&nbsp;La Fiscal\u00eda General del Estado de&hellip;<\/p>\n","protected":false},"author":2,"featured_media":69158,"comment_status":"closed","ping_status":"open","sticky":false,"template":"","format":"standard","meta":{"_lmt_disableupdate":"","_lmt_disable":"","_jetpack_memberships_contains_paid_content":false,"footnotes":""},"categories":[109,46],"tags":[494],"class_list":["post-80419","post","type-post","status-publish","format-standard","has-post-thumbnail","hentry","category-minuto-a-minuto","category-zona-blanca","tag-fiscalia-general-del-estado-de-oaxaca"],"jetpack_featured_media_url":"https:\/\/zonaroja.com.mx\/wp-content\/uploads\/2024\/06\/Asesino-carcel-prision.webp","jetpack_sharing_enabled":true,"_links":{"self":[{"href":"https:\/\/zonaroja.com.mx\/index.php?rest_route=\/wp\/v2\/posts\/80419","targetHints":{"allow":["GET"]}}],"collection":[{"href":"https:\/\/zonaroja.com.mx\/index.php?rest_route=\/wp\/v2\/posts"}],"about":[{"href":"https:\/\/zonaroja.com.mx\/index.php?rest_route=\/wp\/v2\/types\/post"}],"author":[{"embeddable":true,"href":"https:\/\/zonaroja.com.mx\/index.php?rest_route=\/wp\/v2\/users\/2"}],"replies":[{"embeddable":true,"href":"https:\/\/zonaroja.com.mx\/index.php?rest_route=%2Fwp%2Fv2%2Fcomments&post=80419"}],"version-history":[{"count":1,"href":"https:\/\/zonaroja.com.mx\/index.php?rest_route=\/wp\/v2\/posts\/80419\/revisions"}],"predecessor-version":[{"id":80420,"href":"https:\/\/zonaroja.com.mx\/index.php?rest_route=\/wp\/v2\/posts\/80419\/revisions\/80420"}],"wp:featuredmedia":[{"embeddable":true,"href":"https:\/\/zonaroja.com.mx\/index.php?rest_route=\/wp\/v2\/media\/69158"}],"wp:attachment":[{"href":"https:\/\/zonaroja.com.mx\/index.php?rest_route=%2Fwp%2Fv2%2Fmedia&parent=80419"}],"wp:term":[{"taxonomy":"category","embeddable":true,"href":"https:\/\/zonaroja.com.mx\/index.php?rest_route=%2Fwp%2Fv2%2Fcategories&post=80419"},{"taxonomy":"post_tag","embeddable":true,"href":"https:\/\/zonaroja.com.mx\/index.php?rest_route=%2Fwp%2Fv2%2Ftags&post=80419"}],"curies":[{"name":"wp","href":"https:\/\/api.w.org\/{rel}","templated":true}]}}