{"id":80421,"date":"2025-05-17T11:55:00","date_gmt":"2025-05-17T17:55:00","guid":{"rendered":"https:\/\/zonaroja.com.mx\/?p=80421"},"modified":"2025-05-17T07:56:42","modified_gmt":"2025-05-17T13:56:42","slug":"en-seis-anos-58-defensores-asesinados-en-oaxaca","status":"publish","type":"post","link":"https:\/\/zonaroja.com.mx\/?p=80421","title":{"rendered":"En seis a\u00f1os, 58 defensores asesinados en Oaxaca"},"content":{"rendered":"\n<p>Raymundo Morales\/Zona Roja.<\/p>\n\n\n\n<p>Oaxaca, Oax., a 17 de mayo de 2025.- En los \u00faltimos seis a\u00f1os se han privado de la vida a 58 personas defensoras de derechos humanos en Oaxaca, report\u00f3 el Centro de Derechos Humanos y Asesor\u00eda a Pueblos Ind\u00edgenas A. C. (Cedhapi).<\/p>\n\n\n\n<p>De los m\u00e1s recientes casos, detall\u00f3 que el 18 de julio del 2024 fue asesinado el defensor comunitario Lorenzo Santos Torres, originario de Santiago Amoltepec, Sola de Vega, de 53 a\u00f1os de edad de edad, junto con su esposa Marcela Gir\u00f3n Castro, de 48 a\u00f1os, y su hija Mar\u00eda Guadalupe Santos Gir\u00f3n de 26 a\u00f1os.<\/p>\n\n\n\n<p>Mientras que el 28 de febrero del 2025 fue ultimado el defensor comunitario de la tierra&nbsp; y territorio integrante del colectivo de defensores ambientalistas de Barra de la Cruz, Cristino Castro Perea, de 63 a\u00f1os de edad.<\/p>\n\n\n\n<p>En ese contexto, el Cedhapi, junto con la organizaci\u00f3n Instituto Internacional de Responsabilidad Social y Derechos Humanos (IIRESODH) convocan al Premio Estatal para Defensores Comunitarios \u201cJosefa S\u00e1nchez Garc\u00eda\u201d.<\/p>\n\n\n\n<p>En un comunicado, detall\u00f3 que es con el objetivo de visibilizar el trabajo e impacto que tienen en las comunidades de la entidad las personas defensoras de derechos humanos, pues, esto permite sensibilizar respecto al riesgo que enfrentan al desempe\u00f1ar su labor.<\/p>\n\n\n\n<p>La convocatoria est\u00e1 dirigida a defensoras y defensores de las comunidades ind\u00edgenas, quienes defienden el territorio, recursos naturales, el agua, la salud comunitaria, as\u00ed como derechos de las mujeres.<\/p>\n\n\n\n<p>Tambi\u00e9n se considera el trabajo de familiares de personas desaparecidas y quienes luchan por la defensa del derecho a la justicia, presos y presas pol\u00edticos.<\/p>\n\n\n\n<p>\u201cEn la entidad existe una gran cantidad de personas defensoras de derechos humanos que est\u00e1n invisibilizados que han enfrentado violencia y arriesgan su vida por la actividad que realizan, es por ello, que el premio lleva el nombre de \u2018Josefa S\u00e1nchez Garc\u00eda\u2019 quien fue una defensora mixteca comunitaria de derechos humanos, defensora del bosque y de los derechos de las mujeres, quien naci\u00f3 el d\u00eda 18 de septiembre de 1942&nbsp; en la comunidad&nbsp; de Santa Cruz Itundujia Putla de Guerrero, Oaxaca y muri\u00f3 el 10 de abril del 2021 a la edad de 79 a\u00f1os\u201d, expuso.<\/p>\n\n\n\n<p>Los requisitos son: ser defensora o defensor comunitario, tener un reconocimiento de su comunidad o de la sociedad por la defensa de los derechos humanos.&nbsp;<\/p>\n\n\n\n<p>Dos cartas de recomendaci\u00f3n que pueden ser emitidas por la autoridad comunitaria, organizaci\u00f3n civil de derechos humanos, instituci\u00f3n defensora de derechos humanos, persona defensora de derechos humanos, y enviar el formato que se encuentra en la p\u00e1gina de Facebook.<\/p>\n\n\n\n<p>El premio consiste en una Certificaci\u00f3n Internacional en Litigio Estrat\u00e9gico en Derechos Humanos, \u201cCircuito Europeo Christophe Swinarski\u201d, viajando a Ginebra Suiza, Nuremberg Alemania, Estrasburgo Francia, La Haya Pa\u00edses Bajos.<\/p>\n\n\n\n<p>Ello para conocer y asistir a conferencias y actividades en la sede de los \u00f3rganos de protecci\u00f3n de Derechos Humanos en Naciones unidas, el Tribunal Europea de Derechos Humanos, el Parlamento Europeo, el campo de concentraci\u00f3n de Dachau, los Tribunales de Nuremberg, el Museo de Documentaci\u00f3n Nazi, la Corte Internacional de Justicia y la Corte Penal Internacional, Que se efectuara del 12 al 24 de octubre del 2025.<\/p>\n\n\n\n<p>La convocatoria estar\u00e1 abierta del 16 de mayo al 15 de julio del 2025, la publicaci\u00f3n de resultados ser\u00e1 el 15 de agosto del 2025, el jurado estar\u00e1 integrado por expertas y expertos en derechos humanos.<\/p>\n","protected":false},"excerpt":{"rendered":"<p>Raymundo Morales\/Zona Roja. Oaxaca, Oax., a 17 de mayo de 2025.- En los \u00faltimos seis&hellip;<\/p>\n","protected":false},"author":2,"featured_media":79689,"comment_status":"closed","ping_status":"open","sticky":false,"template":"","format":"standard","meta":{"_lmt_disableupdate":"","_lmt_disable":"","_jetpack_memberships_contains_paid_content":false,"footnotes":""},"categories":[109,46],"tags":[230],"class_list":["post-80421","post","type-post","status-publish","format-standard","has-post-thumbnail","hentry","category-minuto-a-minuto","category-zona-blanca","tag-cedhapi"],"jetpack_featured_media_url":"https:\/\/zonaroja.com.mx\/wp-content\/uploads\/2025\/04\/Defensores-de-derechos-humanos.jpg","jetpack_sharing_enabled":true,"_links":{"self":[{"href":"https:\/\/zonaroja.com.mx\/index.php?rest_route=\/wp\/v2\/posts\/80421","targetHints":{"allow":["GET"]}}],"collection":[{"href":"https:\/\/zonaroja.com.mx\/index.php?rest_route=\/wp\/v2\/posts"}],"about":[{"href":"https:\/\/zonaroja.com.mx\/index.php?rest_route=\/wp\/v2\/types\/post"}],"author":[{"embeddable":true,"href":"https:\/\/zonaroja.com.mx\/index.php?rest_route=\/wp\/v2\/users\/2"}],"replies":[{"embeddable":true,"href":"https:\/\/zonaroja.com.mx\/index.php?rest_route=%2Fwp%2Fv2%2Fcomments&post=80421"}],"version-history":[{"count":1,"href":"https:\/\/zonaroja.com.mx\/index.php?rest_route=\/wp\/v2\/posts\/80421\/revisions"}],"predecessor-version":[{"id":80422,"href":"https:\/\/zonaroja.com.mx\/index.php?rest_route=\/wp\/v2\/posts\/80421\/revisions\/80422"}],"wp:featuredmedia":[{"embeddable":true,"href":"https:\/\/zonaroja.com.mx\/index.php?rest_route=\/wp\/v2\/media\/79689"}],"wp:attachment":[{"href":"https:\/\/zonaroja.com.mx\/index.php?rest_route=%2Fwp%2Fv2%2Fmedia&parent=80421"}],"wp:term":[{"taxonomy":"category","embeddable":true,"href":"https:\/\/zonaroja.com.mx\/index.php?rest_route=%2Fwp%2Fv2%2Fcategories&post=80421"},{"taxonomy":"post_tag","embeddable":true,"href":"https:\/\/zonaroja.com.mx\/index.php?rest_route=%2Fwp%2Fv2%2Ftags&post=80421"}],"curies":[{"name":"wp","href":"https:\/\/api.w.org\/{rel}","templated":true}]}}