{"id":80427,"date":"2025-05-17T14:59:00","date_gmt":"2025-05-17T20:59:00","guid":{"rendered":"https:\/\/zonaroja.com.mx\/?p=80427"},"modified":"2025-05-17T08:01:14","modified_gmt":"2025-05-17T14:01:14","slug":"policias-mexicanos-entre-la-violencia-y-los-abusos-laborales-causa-en-comun","status":"publish","type":"post","link":"https:\/\/zonaroja.com.mx\/?p=80427","title":{"rendered":"Polic\u00edas mexicanos: entre la violencia y los abusos laborales: Causa en Com\u00fan"},"content":{"rendered":"\n<p>Redacci\u00f3n\/Zona Roja Cdmx.<\/p>\n\n\n\n<p>Ciudad de M\u00e9xico, a 17 de mayo de 2025.- Durante la noche del 7 de mayo un comando atac\u00f3 a balazos a un grupo de polic\u00edas que se encontraban en una taquer\u00eda de Mazatl\u00e1n, Sinaloa. El saldo final fue de dos agentes municipales muertos y cuatro m\u00e1s heridos.<\/p>\n\n\n\n<p>La muerte de los dos agentes catapult\u00f3 a Sinaloa hasta el lugar n\u00famero 1 en materia de polic\u00edas asesinados en lo que va de 2025. Seg\u00fan reportes de la organizaci\u00f3n Causa en Com\u00fan, 160 uniformados han muerto durante ataques: 23 de ellos en Sinaloa, seguido de Guanajuato con 22, Michoac\u00e1n con 12, Guerrero con 11 y Jalisco con 9.<\/p>\n\n\n\n<p>Tan s\u00f3lo durante la primera semana de mayo se contabilizaron las muertes de 7 polic\u00edas; mientras que desde el 1 de octubre de 2024 al corte del 9 de mayo de 2025 -periodo que lleva el sexenio de la presidenta Claudia Sheinbaum- se han documentado los asesinatos de 254 polic\u00edas en todo el pa\u00eds.<\/p>\n\n\n\n<p>Del total de polic\u00edas asesinados en la administraci\u00f3n de Claudia Sheinbaum, 157 pertenec\u00edan a corporaciones municipales, 82 a estatales y 15 a federales; 235 de las v\u00edctimas eran hombres y 19 mujeres; 64 se encontraban francos (en descanso), 148 en activo, 18 eran expolic\u00edas y de 24 no hay datos concretos.<\/p>\n\n\n\n<p>Causa en Com\u00fan tambi\u00e9n realiz\u00f3 un informe sobre las movilizaciones realizadas por corporaciones de seguridad en todo el pa\u00eds, quienes se manifestaron en protestas p\u00fablicas por diversos factores que les impiden realizar su trabajo de manera efectiva.<\/p>\n\n\n\n<p>Durante los primeros cuatro meses de 2024 Causa en Com\u00fan document\u00f3 38 protestas de uniformados realizadas en 16 estados del pa\u00eds. Las principales ocurrieron en:<\/p>\n\n\n\n<p>Michoac\u00e1n 7<\/p>\n\n\n\n<p>Oaxaca 5<\/p>\n\n\n\n<p>Puebla 5<\/p>\n\n\n\n<p>Baja California 4<\/p>\n\n\n\n<p>Hidalgo 3<\/p>\n\n\n\n<p>Guerrero 3<\/p>\n\n\n\n<p>Del total de las movilizaciones, 18 consistieron en marchas, 17 en paros y 3 en emplazamientos a paro; 53 % fueron organizadas por corporaciones municipales, 32 % por estatales, 7 % por familiares de polic\u00edas, 5 % por la polic\u00eda auxiliar y 3 % por expolic\u00edas.<\/p>\n\n\n\n<p>Respecto a sus exigencias, 26 % protestaron por abusos laborales y ped\u00edan la destituci\u00f3n de sus mandos; 21 % de las protestas fueron por bajos salarios; 29 % por falta de prestaciones; 9 % por falta de equipamiento y 6 % por incumplimiento de pagos.<\/p>\n\n\n\n<p>\u201cEntre el 1 de octubre de 2024 y el 30 de abril de 2025, se han registrado al menos 65 movilizaciones de polic\u00edas, que consiste en: Paros (32), Manifestaciones (28) y Emplazamientos a Paro (5)\u201d, se\u00f1al\u00f3 la organizaci\u00f3n Causa en Com\u00fan en su informe \u201cMovilizaciones de polic\u00edas 2025\u2033.<\/p>\n\n\n\n<p>(Informaci\u00f3n de Infobae M\u00e9xico)<\/p>\n","protected":false},"excerpt":{"rendered":"<p>Redacci\u00f3n\/Zona Roja Cdmx. Ciudad de M\u00e9xico, a 17 de mayo de 2025.- Durante la noche&hellip;<\/p>\n","protected":false},"author":2,"featured_media":64903,"comment_status":"closed","ping_status":"open","sticky":false,"template":"","format":"standard","meta":{"_lmt_disableupdate":"","_lmt_disable":"","_jetpack_memberships_contains_paid_content":false,"footnotes":""},"categories":[109,47],"tags":[2376],"class_list":["post-80427","post","type-post","status-publish","format-standard","has-post-thumbnail","hentry","category-minuto-a-minuto","category-zona-gris","tag-causa-en-comun"],"jetpack_featured_media_url":"https:\/\/zonaroja.com.mx\/wp-content\/uploads\/2024\/02\/Policias-asesinados-ejecutados.jpg","jetpack_sharing_enabled":true,"_links":{"self":[{"href":"https:\/\/zonaroja.com.mx\/index.php?rest_route=\/wp\/v2\/posts\/80427","targetHints":{"allow":["GET"]}}],"collection":[{"href":"https:\/\/zonaroja.com.mx\/index.php?rest_route=\/wp\/v2\/posts"}],"about":[{"href":"https:\/\/zonaroja.com.mx\/index.php?rest_route=\/wp\/v2\/types\/post"}],"author":[{"embeddable":true,"href":"https:\/\/zonaroja.com.mx\/index.php?rest_route=\/wp\/v2\/users\/2"}],"replies":[{"embeddable":true,"href":"https:\/\/zonaroja.com.mx\/index.php?rest_route=%2Fwp%2Fv2%2Fcomments&post=80427"}],"version-history":[{"count":1,"href":"https:\/\/zonaroja.com.mx\/index.php?rest_route=\/wp\/v2\/posts\/80427\/revisions"}],"predecessor-version":[{"id":80428,"href":"https:\/\/zonaroja.com.mx\/index.php?rest_route=\/wp\/v2\/posts\/80427\/revisions\/80428"}],"wp:featuredmedia":[{"embeddable":true,"href":"https:\/\/zonaroja.com.mx\/index.php?rest_route=\/wp\/v2\/media\/64903"}],"wp:attachment":[{"href":"https:\/\/zonaroja.com.mx\/index.php?rest_route=%2Fwp%2Fv2%2Fmedia&parent=80427"}],"wp:term":[{"taxonomy":"category","embeddable":true,"href":"https:\/\/zonaroja.com.mx\/index.php?rest_route=%2Fwp%2Fv2%2Fcategories&post=80427"},{"taxonomy":"post_tag","embeddable":true,"href":"https:\/\/zonaroja.com.mx\/index.php?rest_route=%2Fwp%2Fv2%2Ftags&post=80427"}],"curies":[{"name":"wp","href":"https:\/\/api.w.org\/{rel}","templated":true}]}}