{"id":80431,"date":"2025-05-17T20:53:32","date_gmt":"2025-05-18T02:53:32","guid":{"rendered":"https:\/\/zonaroja.com.mx\/?p=80431"},"modified":"2025-05-17T20:53:35","modified_gmt":"2025-05-18T02:53:35","slug":"asesinan-a-individuo-en-istmo-matan-a-una-mujer-en-valles-centrales","status":"publish","type":"post","link":"https:\/\/zonaroja.com.mx\/?p=80431","title":{"rendered":"Asesinan a individuo en Istmo; matan a una mujer en Valles Centrales"},"content":{"rendered":"\n<p>Raymundo Morales\/Zona Roja.<\/p>\n\n\n\n<p>Oaxaca de Ju\u00e1rez, Oax., a 17 de mayo de 2025.- Una persona del sexo masculino fue asesinada la ma\u00f1ana de este s\u00e1bado en Villa de San Blas Atempa, municipio de la regi\u00f3n del Istmo.<\/p>\n\n\n\n<p>El cuerpo fue localizado en un camino de terracer\u00eda de dicha localidad, colindante con Santo Domingo Tehuantepec y presentaba varios impactos de arma de fuego.<\/p>\n\n\n\n<p>Seg\u00fan los reportes policiacos, de manera preliminar fue identificado como Carlos J. R., originario y vecino de la misma comunidad. Personal de la Vicefiscal\u00eda Regional del Istmo abri\u00f3 la carpeta de investigaci\u00f3n correspondiente, con la finalidad de esclarecer el caso.<\/p>\n\n\n\n<p>EN COYOTEPEC<\/p>\n\n\n\n<p>Por otra parte, en la localidad de Reyes Mantec\u00f3n, agencia de San Bartolo Coyotepec, municipio de la regi\u00f3n Valles Centrales de Oaxaca, una mujer fue asesinada.<\/p>\n\n\n\n<p>Presuntamente fue su pareja quien la priv\u00f3 de la vida a golpes, tras lo cual huy\u00f3.<\/p>\n\n\n\n<p>Polic\u00edas municipales arribaron a la zona del probable feminicidio pero no pudieron localizar y detener al agresor.<\/p>\n\n\n\n<p>La Fiscal\u00eda General del Estado de Oaxaca indaga el caso bajo los protocolos de feminicidio.<\/p>\n","protected":false},"excerpt":{"rendered":"<p>Raymundo Morales\/Zona Roja. Oaxaca de Ju\u00e1rez, Oax., a 17 de mayo de 2025.- Una persona&hellip;<\/p>\n","protected":false},"author":2,"featured_media":80432,"comment_status":"closed","ping_status":"open","sticky":false,"template":"","format":"standard","meta":{"_lmt_disableupdate":"","_lmt_disable":"","_jetpack_memberships_contains_paid_content":false,"footnotes":""},"categories":[109,51],"tags":[179],"class_list":["post-80431","post","type-post","status-publish","format-standard","has-post-thumbnail","hentry","category-minuto-a-minuto","category-zona-roja","tag-san-blas-atempa"],"jetpack_featured_media_url":"https:\/\/zonaroja.com.mx\/wp-content\/uploads\/2025\/05\/Asesinado-San-Blas-Atempa.jpg","jetpack_sharing_enabled":true,"_links":{"self":[{"href":"https:\/\/zonaroja.com.mx\/index.php?rest_route=\/wp\/v2\/posts\/80431","targetHints":{"allow":["GET"]}}],"collection":[{"href":"https:\/\/zonaroja.com.mx\/index.php?rest_route=\/wp\/v2\/posts"}],"about":[{"href":"https:\/\/zonaroja.com.mx\/index.php?rest_route=\/wp\/v2\/types\/post"}],"author":[{"embeddable":true,"href":"https:\/\/zonaroja.com.mx\/index.php?rest_route=\/wp\/v2\/users\/2"}],"replies":[{"embeddable":true,"href":"https:\/\/zonaroja.com.mx\/index.php?rest_route=%2Fwp%2Fv2%2Fcomments&post=80431"}],"version-history":[{"count":1,"href":"https:\/\/zonaroja.com.mx\/index.php?rest_route=\/wp\/v2\/posts\/80431\/revisions"}],"predecessor-version":[{"id":80433,"href":"https:\/\/zonaroja.com.mx\/index.php?rest_route=\/wp\/v2\/posts\/80431\/revisions\/80433"}],"wp:featuredmedia":[{"embeddable":true,"href":"https:\/\/zonaroja.com.mx\/index.php?rest_route=\/wp\/v2\/media\/80432"}],"wp:attachment":[{"href":"https:\/\/zonaroja.com.mx\/index.php?rest_route=%2Fwp%2Fv2%2Fmedia&parent=80431"}],"wp:term":[{"taxonomy":"category","embeddable":true,"href":"https:\/\/zonaroja.com.mx\/index.php?rest_route=%2Fwp%2Fv2%2Fcategories&post=80431"},{"taxonomy":"post_tag","embeddable":true,"href":"https:\/\/zonaroja.com.mx\/index.php?rest_route=%2Fwp%2Fv2%2Ftags&post=80431"}],"curies":[{"name":"wp","href":"https:\/\/api.w.org\/{rel}","templated":true}]}}