{"id":80434,"date":"2025-05-17T20:57:30","date_gmt":"2025-05-18T02:57:30","guid":{"rendered":"https:\/\/zonaroja.com.mx\/?p=80434"},"modified":"2025-05-17T20:57:32","modified_gmt":"2025-05-18T02:57:32","slug":"por-segundo-dia-realizan-operativo-policiaco-en-la-central-de-abasto","status":"publish","type":"post","link":"https:\/\/zonaroja.com.mx\/?p=80434","title":{"rendered":"Por segundo d\u00eda, realizan operativo policiaco en la Central de Abasto"},"content":{"rendered":"\n<p>Redacci\u00f3n\/Zona Roja.<\/p>\n\n\n\n<p>Oaxaca, Oax., a 17&nbsp; de mayo de 2025.-&nbsp;La Fiscal\u00eda General del Estado de Oaxaca (FGEO), en coordinaci\u00f3n con corporaciones de seguridad estatales y federales, tom\u00f3 parte de la Operaci\u00f3n \u201cPescador\u201d, que cont\u00f3 con la participaci\u00f3n de mil elementos.<\/p>\n\n\n\n<p>Los uniformados se desplegaron en diferentes puntos de la Central de Abasto en la ciudad de Oaxaca de Ju\u00e1rez, intervenci\u00f3n por la cual se redujo en 63 por ciento la incidencia delictiva en la zona, adem\u00e1s que se realizaron acciones disuasivas, se aseguraron veh\u00edculos y se detuvieron a tres personas por halconeo.<\/p>\n\n\n\n<p>En la Operaci\u00f3n \u201cPescador\u201d que se despleg\u00f3 el viernes y s\u00e1bado, 16 y 17 de mayo de 2025, participaron m\u00e1s de mil elementos de seguridad de diversas corporaciones como la Agencia Estatal de Investigaciones, Polic\u00eda Estatal, Polic\u00eda Vial Estatal, Polic\u00eda Auxiliar Bancaria, Industrial y Comercial (PABIC), Polic\u00eda Municipal, as\u00ed como dependencias federales como la Secretar\u00eda de la Defensa Nacional (Defensa) y Guardia Nacional (GN).<\/p>\n\n\n\n<p>Durante la acci\u00f3n operativa se logr\u00f3 asegurar seis veh\u00edculos de motor con reporte de robo, mientras se realizaban los recorridos se ingres\u00f3 a los diferentes cuadros de la central, al mismo tiempo, a trav\u00e9s del Centro de Control, Comando y Comunicaci\u00f3n (C4) se realiz\u00f3 el monitoreo en tiempo real, as\u00ed como seguimientos con drones de videovigilancia para mayor efectividad.<\/p>\n\n\n\n<p>Gracias a la movilizaci\u00f3n, dos menores de edad fueron recuperados, por las condiciones en las que viv\u00edan quedaron a disposici\u00f3n de la Procuradur\u00eda Estatal de Protecci\u00f3n de los Derechos de Ni\u00f1as, Ni\u00f1os y Adolescentes del Estado de Oaxaca.<\/p>\n\n\n\n<p>En tanto que una persona fue encontrada, pues al cotejar los datos se estableci\u00f3 que contaba con un reporte de No Localizaci\u00f3n, por lo que fue llevada ante la autoridad pertinente.<\/p>\n\n\n\n<figure class=\"wp-block-embed is-type-rich is-provider-twitter wp-block-embed-twitter\"><div class=\"wp-block-embed__wrapper\">\n<div class=\"twitter-tweet\"><blockquote class=\"twitter-tweet\" data-lang=\"es\"><p lang=\"es\" dir=\"ltr\"><a href=\"https:\/\/twitter.com\/hashtag\/%C3%9AltimoMinuto?src=hash&amp;ref_src=twsrc%5Etfw\">#\u00daltimoMinuto<\/a> <br>Segundo d\u00eda de operativos policiacos en la Central de Abasto de la ciudad de <a href=\"https:\/\/twitter.com\/hashtag\/Oaxaca?src=hash&amp;ref_src=twsrc%5Etfw\">#Oaxaca<\/a>. <br><br>Reportan el retiro de c\u00e1maras de seguridad no autorizadas; presuntamente estar\u00edan al servicio de grupos delictivos. <br><br>Participa personal de corporaciones de la <a href=\"https:\/\/twitter.com\/SSPC_GobOax?ref_src=twsrc%5Etfw\">@SSPC_GobOax<\/a>, de\u2026 <a href=\"https:\/\/t.co\/yAuzMvd3dA\">pic.twitter.com\/yAuzMvd3dA<\/a><\/p>&mdash; Zona Roja Oaxaca (@ZonaRoja_Oaxaca) <a href=\"https:\/\/twitter.com\/ZonaRoja_Oaxaca\/status\/1923819393890267325?ref_src=twsrc%5Etfw\">17 de mayo de 2025<\/a><\/blockquote><\/div>\n<\/div><\/figure>\n\n\n\n<p>Tambi\u00e9n retiraron 34 c\u00e1maras de vigilancia en circuito cerrado,&nbsp; las cuales hab\u00edan sido instaladas de manera irregular en diferentes puntos de la Central, las cuales presumiblemente eran utilizadas para actividades como halconeo.<\/p>\n\n\n\n<p>En tanto que, 13 personas fueron presentadas ante el agente del Ministerio P\u00fablico por actividades de halconeo, fraude, drogas y diversos delitos, por lo que quedaron a disposici\u00f3n de la autoridad correspondiente para determinar su situaci\u00f3n jur\u00eddica.<\/p>\n\n\n\n<p>Asimismo, durante las acciones de inspecci\u00f3n y patrullajes disuasivos se realiz\u00f3 la concentraci\u00f3n para la reubicaci\u00f3n de&nbsp; 425 personas, de ellos, tres son extranjeros, quienes fueron puestos a disposici\u00f3n del Instituto Nacional de Migraci\u00f3n para resolver su situaci\u00f3n legal en el pa\u00eds.<\/p>\n\n\n\n<p>Estas personas fueron concentradas bajo protocolos de Derechos Humanos para su evaluaci\u00f3n y atenci\u00f3n m\u00e9dica, en primera instancia, y posteriormente ser\u00e1n valorados para brindarles la asesor\u00eda legal conforme a la ley y que reciban el tipo de atenci\u00f3n que requieran, ya sea m\u00e9dica, psiqui\u00e1trica o contra las adicciones.<\/p>\n\n\n\n<p>La Fiscal\u00eda General del Estado de Oaxaca realiza acciones interinstitucionales que permiten implementar acciones operativas efectivas para desarticular redes delictivas, as\u00ed como asegurar objetos prohibidos, especialmente en zonas consideradas como focos rojos, adem\u00e1s que este tipo de operativos tambi\u00e9n funcionan como acciones disuasivas pues, uno de los objetivos es inhibir la comisi\u00f3n de delitos en la zona.<\/p>\n\n\n\n<p>Finalmente, la Operaci\u00f3n \u201cPescador\u201d es una intervenci\u00f3n operativa que tiene el objetivo de garantizar el orden p\u00fablico en la zona de la Central de Abasto, pues es esta \u00e1rea es el punto nodal del comercio en la entidad.<\/p>\n","protected":false},"excerpt":{"rendered":"<p>Redacci\u00f3n\/Zona Roja. Oaxaca, Oax., a 17&nbsp; de mayo de 2025.-&nbsp;La Fiscal\u00eda General del Estado de&hellip;<\/p>\n","protected":false},"author":2,"featured_media":80435,"comment_status":"closed","ping_status":"open","sticky":false,"template":"","format":"standard","meta":{"_lmt_disableupdate":"","_lmt_disable":"","_jetpack_memberships_contains_paid_content":false,"footnotes":""},"categories":[109,46],"tags":[494],"class_list":["post-80434","post","type-post","status-publish","format-standard","has-post-thumbnail","hentry","category-minuto-a-minuto","category-zona-blanca","tag-fiscalia-general-del-estado-de-oaxaca"],"jetpack_featured_media_url":"https:\/\/zonaroja.com.mx\/wp-content\/uploads\/2025\/05\/Operativo-Fiscalia-Central-de-Abasto.jpeg","jetpack_sharing_enabled":true,"_links":{"self":[{"href":"https:\/\/zonaroja.com.mx\/index.php?rest_route=\/wp\/v2\/posts\/80434","targetHints":{"allow":["GET"]}}],"collection":[{"href":"https:\/\/zonaroja.com.mx\/index.php?rest_route=\/wp\/v2\/posts"}],"about":[{"href":"https:\/\/zonaroja.com.mx\/index.php?rest_route=\/wp\/v2\/types\/post"}],"author":[{"embeddable":true,"href":"https:\/\/zonaroja.com.mx\/index.php?rest_route=\/wp\/v2\/users\/2"}],"replies":[{"embeddable":true,"href":"https:\/\/zonaroja.com.mx\/index.php?rest_route=%2Fwp%2Fv2%2Fcomments&post=80434"}],"version-history":[{"count":1,"href":"https:\/\/zonaroja.com.mx\/index.php?rest_route=\/wp\/v2\/posts\/80434\/revisions"}],"predecessor-version":[{"id":80436,"href":"https:\/\/zonaroja.com.mx\/index.php?rest_route=\/wp\/v2\/posts\/80434\/revisions\/80436"}],"wp:featuredmedia":[{"embeddable":true,"href":"https:\/\/zonaroja.com.mx\/index.php?rest_route=\/wp\/v2\/media\/80435"}],"wp:attachment":[{"href":"https:\/\/zonaroja.com.mx\/index.php?rest_route=%2Fwp%2Fv2%2Fmedia&parent=80434"}],"wp:term":[{"taxonomy":"category","embeddable":true,"href":"https:\/\/zonaroja.com.mx\/index.php?rest_route=%2Fwp%2Fv2%2Fcategories&post=80434"},{"taxonomy":"post_tag","embeddable":true,"href":"https:\/\/zonaroja.com.mx\/index.php?rest_route=%2Fwp%2Fv2%2Ftags&post=80434"}],"curies":[{"name":"wp","href":"https:\/\/api.w.org\/{rel}","templated":true}]}}