{"id":8044,"date":"2020-01-25T10:49:22","date_gmt":"2020-01-25T16:49:22","guid":{"rendered":"http:\/\/www.zonaroja.com.mx\/?p=8044"},"modified":"2020-01-25T10:49:27","modified_gmt":"2020-01-25T16:49:27","slug":"incrementa-significativamente-participacion-politica-de-mujeres-en-oaxaca","status":"publish","type":"post","link":"https:\/\/zonaroja.com.mx\/?p=8044","title":{"rendered":"Incrementa significativamente participaci\u00f3n pol\u00edtica de mujeres en Oaxaca"},"content":{"rendered":"\n<p>Evlin Arag\u00f3n\/Zona Roja.<\/p>\n\n\n\n<p>Oaxaca de Ju\u00e1rez, Oax., 25 de enero de\n2020.- Emma Ben\u00edtez Z\u00e1rate es la primera presidenta municipal en la historia de\nSan Pedro Quiatoni, municipio perteneciente al distrito de Tlacolula, que se\nrige por sistemas normativos internos y que nunca hab\u00eda tenido como principal\nrepresentante a una mujer, debido a la poca o nula participaci\u00f3n pol\u00edtica de\nestas en los cargos comunitarios.<\/p>\n\n\n\n<p>De igual forma, Imelda Vera Alfaro se\nha convertido en la primera edil de San Pedro Sochi\u00e1pam, municipio chinanteco\nque celebr\u00f3 su elecci\u00f3n el pasado 1 de septiembre de 2019, resultando vencedora\npor primera vez una mujer, con 798 votos.<\/p>\n\n\n\n<p>En San Miguel Chicahua la participaci\u00f3n\npol\u00edtica de las mujeres tambi\u00e9n hizo historia y se eligi\u00f3 por primera vez a una\npresidenta municipal, siendo Esther Guzm\u00e1n la encargada desde el pasado 1 de\nenero de administrar el municipio perteneciente a la regi\u00f3n Mixteca.<\/p>\n\n\n\n<p>De acuerdo con las cifras del Instituto\nEstatal Electoral y de Participaci\u00f3n Ciudadana (IEEPCO), Emma, Imeda y Esther\nforman parte de una veintena de mujeres que este 2020 gobiernan un municipio\najeno a los partidos pol\u00edticos y que bajo sus usos y costumbres definen a sus\nrepresentantes.<\/p>\n\n\n\n<p>As\u00ed mismo, forma parte de las m\u00e1s de\nmil 500 mujeres que fueron electas para los distintos cargos de representaci\u00f3n\npopular dentro de ellas sindicaturas y regidur\u00edas que acompa\u00f1an la\nadministraci\u00f3n de las localidades ind\u00edgenas que se rigen por sistemas de\ngobierno propios.<\/p>\n\n\n\n<p>Otras mujeres que se suman a la lista\nson Victoria Rodr\u00edguez S\u00e1nchez, quien el pasado 1 de enero tambi\u00e9n asumi\u00f3 el\nm\u00e1ximo cargo en la localidad de Mesones Hidalgo, perteneciente a la regi\u00f3n de\nla Sierra Sur, ante la presencia de m\u00e1s de 700 personas que se reunieron para\npresenciar la Sesi\u00f3n solemne en la que tambi\u00e9n tomaron protesta agentes y\nrepresentantes municipales que fungir\u00e1n como autoridades auxiliares de sus\ncomunidades para el periodo 2020-2022.<\/p>\n\n\n\n<p>Rebeca Llaguno Salvador es presidenta\nmunicipal de San Baltazar Yatzachi el Bajo, municipio ubicado en la Sierra\nNorte, y en donde adem\u00e1s cuenta con un Cabildo paritario, es decir con el mismo\nn\u00famero de mujeres y hombres representando cada una de las regidur\u00edas que\nconforman la administraci\u00f3n municipal.<\/p>\n\n\n\n<p>Finalmente y s\u00f3lo por citar a algunas\nde las mujeres de las que trascendi\u00f3 su triunfo, Ang\u00e9lica S\u00e1nchez Avenda\u00f1o\nrepresenta en este periodo al municipio de Santa Mar\u00eda del Rosario\nperteneciente a la regi\u00f3n Mixteca.<\/p>\n\n\n\n<p>La cifra de 20 mujeres electas como\npresidentas municipales supera significativamente a las tres electas hace dos\na\u00f1os de acuerdo con el Observatorio de Participaci\u00f3n Pol\u00edtica de las Mujeres,\nas\u00ed mismo los datos del IEEPCO incluyen a 34 mujeres electas como s\u00edndicas\nmunicipales, segunda figura en importancia al interior de los municipios, as\u00ed\ncomo 825 regidoras en las elecciones validadas de 404 municipios que se rigen\npor sistemas normativos internos.<\/p>\n\n\n\n<p>As\u00ed mismo, 137 municipios contaran con\nun Cabildo paritario, lo que representa el 33.4 por ciento de los municipios\nque nombraron autoridades en el 2019 y se traduce en la misma cantidad de\nmujeres y hombres que integran el cuerpo colegiado.<\/p>\n","protected":false},"excerpt":{"rendered":"<p>Evlin Arag\u00f3n\/Zona Roja. Oaxaca de Ju\u00e1rez, Oax., 25 de enero de 2020.- Emma Ben\u00edtez Z\u00e1rate&hellip;<\/p>\n","protected":false},"author":2,"featured_media":8045,"comment_status":"closed","ping_status":"open","sticky":false,"template":"","format":"standard","meta":{"_lmt_disableupdate":"","_lmt_disable":"","_jetpack_memberships_contains_paid_content":false,"footnotes":""},"categories":[109,46],"tags":[760],"class_list":["post-8044","post","type-post","status-publish","format-standard","has-post-thumbnail","hentry","category-minuto-a-minuto","category-zona-blanca","tag-instituto-estatal-electoral-y-de-participacion-ciudadana-de-oaxaca"],"jetpack_featured_media_url":"https:\/\/zonaroja.com.mx\/wp-content\/uploads\/2020\/01\/IMG_2440.jpg","jetpack_sharing_enabled":true,"_links":{"self":[{"href":"https:\/\/zonaroja.com.mx\/index.php?rest_route=\/wp\/v2\/posts\/8044","targetHints":{"allow":["GET"]}}],"collection":[{"href":"https:\/\/zonaroja.com.mx\/index.php?rest_route=\/wp\/v2\/posts"}],"about":[{"href":"https:\/\/zonaroja.com.mx\/index.php?rest_route=\/wp\/v2\/types\/post"}],"author":[{"embeddable":true,"href":"https:\/\/zonaroja.com.mx\/index.php?rest_route=\/wp\/v2\/users\/2"}],"replies":[{"embeddable":true,"href":"https:\/\/zonaroja.com.mx\/index.php?rest_route=%2Fwp%2Fv2%2Fcomments&post=8044"}],"version-history":[{"count":1,"href":"https:\/\/zonaroja.com.mx\/index.php?rest_route=\/wp\/v2\/posts\/8044\/revisions"}],"predecessor-version":[{"id":8046,"href":"https:\/\/zonaroja.com.mx\/index.php?rest_route=\/wp\/v2\/posts\/8044\/revisions\/8046"}],"wp:featuredmedia":[{"embeddable":true,"href":"https:\/\/zonaroja.com.mx\/index.php?rest_route=\/wp\/v2\/media\/8045"}],"wp:attachment":[{"href":"https:\/\/zonaroja.com.mx\/index.php?rest_route=%2Fwp%2Fv2%2Fmedia&parent=8044"}],"wp:term":[{"taxonomy":"category","embeddable":true,"href":"https:\/\/zonaroja.com.mx\/index.php?rest_route=%2Fwp%2Fv2%2Fcategories&post=8044"},{"taxonomy":"post_tag","embeddable":true,"href":"https:\/\/zonaroja.com.mx\/index.php?rest_route=%2Fwp%2Fv2%2Ftags&post=8044"}],"curies":[{"name":"wp","href":"https:\/\/api.w.org\/{rel}","templated":true}]}}