{"id":80440,"date":"2025-05-18T08:45:00","date_gmt":"2025-05-18T14:45:00","guid":{"rendered":"https:\/\/zonaroja.com.mx\/?p=80440"},"modified":"2025-05-18T06:34:32","modified_gmt":"2025-05-18T12:34:32","slug":"en-xoxocotlan-trabajan-en-manejo-responsable-de-residuos","status":"publish","type":"post","link":"https:\/\/zonaroja.com.mx\/?p=80440","title":{"rendered":"En Xoxocotl\u00e1n trabajan en manejo responsable de residuos"},"content":{"rendered":"\n<p>Redacci\u00f3n\/Zona Roja.&nbsp;<\/p>\n\n\n\n<p>Oaxaca, Oax., a 18 de mayo de 2025.- En el marco del D\u00eda Mundial del Reciclaje, que se celebra cada 17 de mayo, el municipio de Santa Cruz Xoxocotl\u00e1n, encabezado por la presidenta municipal Nancy Ben\u00edtez Z\u00e1rate, anunci\u00f3 el inicio de trabajos en conjunto con empresas aliadas para el proceso de recolecci\u00f3n, separaci\u00f3n y transformaci\u00f3n de residuos reciclables.<\/p>\n\n\n\n<p>Esta acci\u00f3n forma parte del compromiso de mejorar el manejo de los residuos s\u00f3lidos urbanos en el municipio, con el objetivo de avanzar hacia un modelo m\u00e1s sostenible y responsable con el medio ambiente.<\/p>\n\n\n\n<p>La edil explic\u00f3 que al inicio de su gobierno, recibi\u00f3 de la pasada administraci\u00f3n, tres mil toneladas de residuos s\u00f3lidos acumulados en un espacio en donde hay oficinas administrativas, que representaron un fuerte foco de contaminaci\u00f3n y que hoy es un sitio p\u00fablico limpio.<\/p>\n\n\n\n<p>\u201cDesde el primer d\u00eda de gobierno hubi\u00e9semos querido comenzar con esta campa\u00f1a de separaci\u00f3n de residuos, pero tuvimos primero que resolver el problema de fondo\u201d, expres\u00f3.<\/p>\n\n\n\n<p>Ben\u00edtez Z\u00e1rate anunci\u00f3 que, tras los primeros 100 d\u00edas de trabajo, finalmente se ha iniciado la campa\u00f1a de separaci\u00f3n de basura org\u00e1nica e inorg\u00e1nica en escuelas y comunidades.<\/p>\n\n\n\n<p>\u201cVamos a caminar casa por casa y escuela por escuela para lograr este cambio cultural. Sabemos que no ser\u00e1 f\u00e1cil, pero es urgente\u201d, enfatiz\u00f3.<\/p>\n\n\n\n<p>El acto cont\u00f3 con la participaci\u00f3n de representantes de las empresas Tetra Pak y Recicla Papel, quienes coincidieron en que Xoxocotl\u00e1n, por su tama\u00f1o y poblaci\u00f3n, puede convertirse en un referente estatal en la correcta gesti\u00f3n de residuos s\u00f3lidos.<\/p>\n\n\n\n<p>El representante de Recicla Papel celebr\u00f3 la iniciativa del municipio y subray\u00f3 la importancia de comenzar desde el hogar, destacando que si los residuos se separan en casa, se convierten en materia prima \u00fatil para transformarse en nuevos productos, lo que permite ahorrar agua, energ\u00eda y otros recursos naturales.<\/p>\n\n\n\n<p>Por su parte, el representante de Tetra Pak explic\u00f3 que el envase de cart\u00f3n Tetra Pak es completamente reciclable, y que tan solo el a\u00f1o pasado, en M\u00e9xico se reciclaron m\u00e1s de 55 mil toneladas de estos envases. Al separar adecuadamente los residuos desde el origen, se facilita su aprovechamiento en productos como papel higi\u00e9nico, cajas corrugadas y l\u00e1minas t\u00e9rmicas impermeables.<\/p>\n\n\n\n<p>La presidenta municipal agradeci\u00f3 el respaldo de las empresas y el compromiso de la ciudadan\u00eda, especialmente de los j\u00f3venes, \u201ceste no es un trabajo solo de gobierno. Es una tarea de todas y todos, y las nuevas generaciones tienen un papel crucial para lograrlo\u201d, concluy\u00f3.<\/p>\n","protected":false},"excerpt":{"rendered":"<p>Redacci\u00f3n\/Zona Roja.&nbsp; Oaxaca, Oax., a 18 de mayo de 2025.- En el marco del D\u00eda&hellip;<\/p>\n","protected":false},"author":2,"featured_media":80441,"comment_status":"closed","ping_status":"open","sticky":false,"template":"","format":"standard","meta":{"_lmt_disableupdate":"","_lmt_disable":"","_jetpack_memberships_contains_paid_content":false,"footnotes":""},"categories":[109,46],"tags":[1555],"class_list":["post-80440","post","type-post","status-publish","format-standard","has-post-thumbnail","hentry","category-minuto-a-minuto","category-zona-blanca","tag-saqueo-chedraui-xoxocotlan"],"jetpack_featured_media_url":"https:\/\/zonaroja.com.mx\/wp-content\/uploads\/2025\/05\/Xoxo-manejo-responsable-de-los-residuos-solidos-urbanos-2.jpeg","jetpack_sharing_enabled":true,"_links":{"self":[{"href":"https:\/\/zonaroja.com.mx\/index.php?rest_route=\/wp\/v2\/posts\/80440","targetHints":{"allow":["GET"]}}],"collection":[{"href":"https:\/\/zonaroja.com.mx\/index.php?rest_route=\/wp\/v2\/posts"}],"about":[{"href":"https:\/\/zonaroja.com.mx\/index.php?rest_route=\/wp\/v2\/types\/post"}],"author":[{"embeddable":true,"href":"https:\/\/zonaroja.com.mx\/index.php?rest_route=\/wp\/v2\/users\/2"}],"replies":[{"embeddable":true,"href":"https:\/\/zonaroja.com.mx\/index.php?rest_route=%2Fwp%2Fv2%2Fcomments&post=80440"}],"version-history":[{"count":1,"href":"https:\/\/zonaroja.com.mx\/index.php?rest_route=\/wp\/v2\/posts\/80440\/revisions"}],"predecessor-version":[{"id":80442,"href":"https:\/\/zonaroja.com.mx\/index.php?rest_route=\/wp\/v2\/posts\/80440\/revisions\/80442"}],"wp:featuredmedia":[{"embeddable":true,"href":"https:\/\/zonaroja.com.mx\/index.php?rest_route=\/wp\/v2\/media\/80441"}],"wp:attachment":[{"href":"https:\/\/zonaroja.com.mx\/index.php?rest_route=%2Fwp%2Fv2%2Fmedia&parent=80440"}],"wp:term":[{"taxonomy":"category","embeddable":true,"href":"https:\/\/zonaroja.com.mx\/index.php?rest_route=%2Fwp%2Fv2%2Fcategories&post=80440"},{"taxonomy":"post_tag","embeddable":true,"href":"https:\/\/zonaroja.com.mx\/index.php?rest_route=%2Fwp%2Fv2%2Ftags&post=80440"}],"curies":[{"name":"wp","href":"https:\/\/api.w.org\/{rel}","templated":true}]}}