{"id":80445,"date":"2025-05-18T09:12:00","date_gmt":"2025-05-18T15:12:00","guid":{"rendered":"https:\/\/zonaroja.com.mx\/?p=80445"},"modified":"2025-05-18T07:25:35","modified_gmt":"2025-05-18T13:25:35","slug":"quedan-libres-custodios-senalados-de-permitir-fuga-de-un-recluso","status":"publish","type":"post","link":"https:\/\/zonaroja.com.mx\/?p=80445","title":{"rendered":"Quedan libres custodios se\u00f1alados de permitir fuga de un recluso"},"content":{"rendered":"\n<p>Raymundo Morales\/Zona Roja.<\/p>\n\n\n\n<p>Oaxaca, Oax., a 18 de mayo de 2024.- Cerca de la media noche de ayer y tras la audiencia judicial, fueron puestos en libertad cuatro custodios de la Secretar\u00eda de Seguridad y Protecci\u00f3n Ciudadana de Oaxaca, se\u00f1alados de permitir la fuga de un recluso.<\/p>\n\n\n\n<p>Fue el pasado viernes 9 de mayo en que, en circunstancias poco claras a\u00fan, una persona privada de su libertad escap\u00f3 del Centro de Reinserci\u00f3n Social Varonil ubicado en San Francisco Tanivet, Tlacolula.<\/p>\n\n\n\n<p>Seg\u00fan inform\u00f3 despu\u00e9s el subsecretario de Reinserci\u00f3n Social, Roberto Claudio Castillo, el individuo ya no estuvo en el pase de lista de ese d\u00eda; era de oficio herrero y por eso pudo haber manipulado la ventana; asimismo, utiliz\u00f3 cuerdas de una hamaca, que colg\u00f3 de la pared para salir, sin que nadie se diera cuenta.<\/p>\n\n\n\n<p>El mismo viernes de la fuga, la Fiscal\u00eda General del Estado de Oaxaca (FGEO) inform\u00f3 de la detenci\u00f3n de cuatro personas, a quienes se investigaba su nivel de responsabilidad en este hecho.&nbsp;<\/p>\n\n\n\n<p>Tras su detenci\u00f3n, la FGEO present\u00f3 ante el Ministerio P\u00fablico a los cuatro funcionarios p\u00fablicos identificados como C.C.I., subdirector de Seguridad Penitenciaria; P.R.T.J., inspector; as\u00ed como A.A.L. y H.J.R.V., custodios penitenciarios.<\/p>\n\n\n\n<p>\u201cEstas primeras acciones se lograron con el apoyo institucional de la Secretar\u00eda de Seguridad y Protecci\u00f3n Ciudadana de Oaxaca, que brind\u00f3 las facilidades para esta etapa inicial de la investigaci\u00f3n en la que se llevan a cabo trabajos ministeriales para deslindar responsabilidades\u201d, difundi\u00f3 en su momento.<\/p>\n\n\n\n<p>La persona privada de la libertad que se fug\u00f3, fue identificada como Am\u00edn G\u00f3mez Bautista, quien hasta el momento no ha sido localizado.<\/p>\n\n\n\n<p>Anoche, familiares de los detenidos efectuaron una protesta afu\u00e9ra del juzgado local donde se llev\u00f3 a cabo la audiencia; posteriormente fue decretado el auto de libertad.<\/p>\n","protected":false},"excerpt":{"rendered":"<p>Raymundo Morales\/Zona Roja. Oaxaca, Oax., a 18 de mayo de 2024.- Cerca de la media&hellip;<\/p>\n","protected":false},"author":2,"featured_media":80446,"comment_status":"closed","ping_status":"open","sticky":false,"template":"","format":"standard","meta":{"_lmt_disableupdate":"","_lmt_disable":"","_jetpack_memberships_contains_paid_content":false,"footnotes":""},"categories":[109,47],"tags":[],"class_list":["post-80445","post","type-post","status-publish","format-standard","has-post-thumbnail","hentry","category-minuto-a-minuto","category-zona-gris"],"jetpack_featured_media_url":"https:\/\/zonaroja.com.mx\/wp-content\/uploads\/2025\/05\/Protesta-por-liberacion-de-custodios.jpg","jetpack_sharing_enabled":true,"_links":{"self":[{"href":"https:\/\/zonaroja.com.mx\/index.php?rest_route=\/wp\/v2\/posts\/80445","targetHints":{"allow":["GET"]}}],"collection":[{"href":"https:\/\/zonaroja.com.mx\/index.php?rest_route=\/wp\/v2\/posts"}],"about":[{"href":"https:\/\/zonaroja.com.mx\/index.php?rest_route=\/wp\/v2\/types\/post"}],"author":[{"embeddable":true,"href":"https:\/\/zonaroja.com.mx\/index.php?rest_route=\/wp\/v2\/users\/2"}],"replies":[{"embeddable":true,"href":"https:\/\/zonaroja.com.mx\/index.php?rest_route=%2Fwp%2Fv2%2Fcomments&post=80445"}],"version-history":[{"count":1,"href":"https:\/\/zonaroja.com.mx\/index.php?rest_route=\/wp\/v2\/posts\/80445\/revisions"}],"predecessor-version":[{"id":80447,"href":"https:\/\/zonaroja.com.mx\/index.php?rest_route=\/wp\/v2\/posts\/80445\/revisions\/80447"}],"wp:featuredmedia":[{"embeddable":true,"href":"https:\/\/zonaroja.com.mx\/index.php?rest_route=\/wp\/v2\/media\/80446"}],"wp:attachment":[{"href":"https:\/\/zonaroja.com.mx\/index.php?rest_route=%2Fwp%2Fv2%2Fmedia&parent=80445"}],"wp:term":[{"taxonomy":"category","embeddable":true,"href":"https:\/\/zonaroja.com.mx\/index.php?rest_route=%2Fwp%2Fv2%2Fcategories&post=80445"},{"taxonomy":"post_tag","embeddable":true,"href":"https:\/\/zonaroja.com.mx\/index.php?rest_route=%2Fwp%2Fv2%2Ftags&post=80445"}],"curies":[{"name":"wp","href":"https:\/\/api.w.org\/{rel}","templated":true}]}}