{"id":80456,"date":"2025-05-18T17:26:16","date_gmt":"2025-05-18T23:26:16","guid":{"rendered":"https:\/\/zonaroja.com.mx\/?p=80456"},"modified":"2025-05-18T17:26:18","modified_gmt":"2025-05-18T23:26:18","slug":"un-oaxaqueno-y-una-veracruzana-los-fallecidos-en-el-buque-cuauhtemoc","status":"publish","type":"post","link":"https:\/\/zonaroja.com.mx\/?p=80456","title":{"rendered":"Un oaxaque\u00f1o y una veracruzana los fallecidos en el buque \u201cCuauht\u00e9moc\u201d"},"content":{"rendered":"\n<p>Redacci\u00f3n\/Zona Roja Cdmx.<\/p>\n\n\n\n<p>Ciudad de M\u00e9xico, a 18 de mayo de 2025.- Los dos cadetes fallecidos en el buque que colision\u00f3 ayer en el puente de Brooklyn, Nueva York, ya fueron identificados.<\/p>\n\n\n\n<p>Uno es el oaxaque\u00f1o Adal Jair Marcos, originario de San Mateo del Mar, municipio de la zona mare\u00f1a del Istmo de Tehuantepec.<\/p>\n\n\n\n<p>Las autoridades municipales y sus familiares confirmaron la muerte del estudiante que viajaba en el barco mexicano que realizaba un viaje internacional.<\/p>\n\n\n\n<p>\u201cLamento profundamente el accidente del Buque Escuela Cuauht\u00e9moc en el puerto de Nueva York. Expreso mi solidaridad con las y los cadetes, sus familias y la @SEMAR_mx.<\/p>\n\n\n\n<p>\u201cLa Armada de M\u00e9xico es una instituci\u00f3n ejemplar que ha llevado el nombre de nuestro pa\u00eds por los mares del mundo con honor y disciplina\u201d, difundi\u00f3 la ma\u00f1ana de hoy el gobernador Salom\u00f3n Jara Cruz a trav\u00e9s de sus redes sociales.<\/p>\n\n\n\n<p>Por otra parte, la otra cadete fallecida es Am\u00e9rica Yamilet S\u00e1nchez, originaria Xalapa, del estado de Veracruz, cuya mandataria, Roc\u00edo Nahle, lo confirm\u00f3:<\/p>\n\n\n\n<p>\u201cLamento profundamente el fallecimiento de la cadete veracruzana Am\u00e9rica Yamilet S\u00e1nchez. Todo mi cari\u00f1o, respaldo y solidaridad para su familia. Mi reconocimiento a la @SEMAR_mx y mis deseos de pronta recuperaci\u00f3n para los lesionados. Veracruz est\u00e1 con ustedes\u201d.<\/p>\n\n\n\n<p>Los hechos se registraron cuando el buque Cuauht\u00e9moc se encontraba en Brooklyn y durante una de las maniobras impact\u00f3 contra el puente.<\/p>\n\n\n\n<p>Las autoridades a\u00fan se encuentran en medio de las investigaciones y las labores correspondientes.<\/p>\n\n\n\n<p>La Secretar\u00eda de Marina asegur\u00f3 que mantienen comunicaci\u00f3n con las familias afectadas y que se est\u00e1 dando seguimiento puntual a los hechos.<\/p>\n","protected":false},"excerpt":{"rendered":"<p>Redacci\u00f3n\/Zona Roja Cdmx. Ciudad de M\u00e9xico, a 18 de mayo de 2025.- Los dos cadetes&hellip;<\/p>\n","protected":false},"author":2,"featured_media":80457,"comment_status":"closed","ping_status":"open","sticky":false,"template":"","format":"standard","meta":{"_lmt_disableupdate":"","_lmt_disable":"","_jetpack_memberships_contains_paid_content":false,"footnotes":""},"categories":[109,47],"tags":[4308],"class_list":["post-80456","post","type-post","status-publish","format-standard","has-post-thumbnail","hentry","category-minuto-a-minuto","category-zona-gris","tag-buque-cuahutemoc"],"jetpack_featured_media_url":"https:\/\/zonaroja.com.mx\/wp-content\/uploads\/2025\/05\/Marinos-oaxaqueno-muerto-en-Nueva-York.jpg","jetpack_sharing_enabled":true,"_links":{"self":[{"href":"https:\/\/zonaroja.com.mx\/index.php?rest_route=\/wp\/v2\/posts\/80456","targetHints":{"allow":["GET"]}}],"collection":[{"href":"https:\/\/zonaroja.com.mx\/index.php?rest_route=\/wp\/v2\/posts"}],"about":[{"href":"https:\/\/zonaroja.com.mx\/index.php?rest_route=\/wp\/v2\/types\/post"}],"author":[{"embeddable":true,"href":"https:\/\/zonaroja.com.mx\/index.php?rest_route=\/wp\/v2\/users\/2"}],"replies":[{"embeddable":true,"href":"https:\/\/zonaroja.com.mx\/index.php?rest_route=%2Fwp%2Fv2%2Fcomments&post=80456"}],"version-history":[{"count":1,"href":"https:\/\/zonaroja.com.mx\/index.php?rest_route=\/wp\/v2\/posts\/80456\/revisions"}],"predecessor-version":[{"id":80458,"href":"https:\/\/zonaroja.com.mx\/index.php?rest_route=\/wp\/v2\/posts\/80456\/revisions\/80458"}],"wp:featuredmedia":[{"embeddable":true,"href":"https:\/\/zonaroja.com.mx\/index.php?rest_route=\/wp\/v2\/media\/80457"}],"wp:attachment":[{"href":"https:\/\/zonaroja.com.mx\/index.php?rest_route=%2Fwp%2Fv2%2Fmedia&parent=80456"}],"wp:term":[{"taxonomy":"category","embeddable":true,"href":"https:\/\/zonaroja.com.mx\/index.php?rest_route=%2Fwp%2Fv2%2Fcategories&post=80456"},{"taxonomy":"post_tag","embeddable":true,"href":"https:\/\/zonaroja.com.mx\/index.php?rest_route=%2Fwp%2Fv2%2Ftags&post=80456"}],"curies":[{"name":"wp","href":"https:\/\/api.w.org\/{rel}","templated":true}]}}