{"id":80459,"date":"2025-05-18T19:10:03","date_gmt":"2025-05-19T01:10:03","guid":{"rendered":"https:\/\/zonaroja.com.mx\/?p=80459"},"modified":"2025-05-18T19:10:05","modified_gmt":"2025-05-19T01:10:05","slug":"asesinan-a-dos-capacitadores-de-policias-en-jalisco-que-colaboraban-con-eu","status":"publish","type":"post","link":"https:\/\/zonaroja.com.mx\/?p=80459","title":{"rendered":"Asesinan a dos capacitadores de polic\u00edas en Jalisco que colaboraban con EU"},"content":{"rendered":"\n<p>Redacci\u00f3n\/Zona Roja Cdmx.<\/p>\n\n\n\n<p>Ciudad de M\u00e9xico, a 18 de mayo de 2025.- Sujetos armados atacaron a balazos a seis personas mientras com\u00edan en una taquer\u00eda de la colonia Residencial La Soledad, en Tlaquepaque, Jalisco. Dos de ellos murieron y otro es reportado grave.<\/p>\n\n\n\n<p>De acuerdo con los reportes, se trata de capacitadores policiales de organismos internacionales que impartieron c\u00e1tedra a alumnos de la Universidad Policial de Jalisco.<\/p>\n\n\n\n<p>El Consulado de Estados Unidos en Guadalajara se posiciono tras la agresi\u00f3n, y en un comunicado firmado por la C\u00f3nsul Regional de Asuntos P\u00fablicos, Merlyn Schultz, env\u00edo condolencias a familiares y amistades de C\u00e9sar Gustavo Guzm\u00e1n, y Carlos Amador Chavela, exfuncionarios p\u00fablicos en corporaciones de seguridad en el estado.<\/p>\n\n\n\n<p>\u201cTenemos conocimiento de informes sobre un ataque armado en Tlaquepaque, Jalisco. Nos preocupa profundamente cualquier acto de violencia y expresamos nuestras condolencias a la v\u00edctima y sus familias\u201d, dijo Schultz.<\/p>\n\n\n\n<p>El comunicado aclara que los fallecidos llegaron a brindar capacitaciones en materia de seguridad al personal de la Embajada Estadounidense, pero no eran empleados de la representaci\u00f3n diplom\u00e1tica de Estados Unidos en M\u00e9xico, \u201cdebido a la investigaci\u00f3n en curso, no podemos proporcionar m\u00e1s detalles en este momento. Remitimos sus consultas a las autoridades mexicanas competentes a cargo de la investigaci\u00f3n\u201d, reza el documento.<\/p>\n\n\n\n<p>La Fiscal\u00eda de Jalisco dijo en un boletin que ya investiga el caso con diversas l\u00edneas de investigaci\u00f3n que hasta el momento no pueden ser compartidas.<\/p>\n\n\n\n<p>C\u00e9sar Gustavo Guzm\u00e1n, uno de los asesinados, fue polic\u00eda de Guadalajara, elemento de la Secretar\u00eda de Seguridad del Estado, y form\u00f3 parte de la Interpol en la ahora extinta Procuradur\u00eda General de la Rep\u00fablica (PGR); actualmente era presidente en Jalisco de la Sociedad Americana de Seguridad Industrial (ASIS) Internacional. Dichol organismo certifica algunos protocolos de acci\u00f3n de grupos de seguridad; tambi\u00e9n era miembro de la Asociaci\u00f3n Mexicana de Exbecarios de Estados Unidos (AMEB).<\/p>\n\n\n\n<p>Adem\u00e1s fue comandante del grupo de reacci\u00f3n inmediata \u2018Lobos\u2019 de la Polic\u00eda de Guadalajara y jefe de escoltas de Aldo Mojard\u00edn, quien en su momento fue director de la Polic\u00eda de Guadalajara en 2006.<\/p>\n\n\n\n<p>Carlos Amador Chavela se desempe\u00f1\u00f3 como Director de Investigaci\u00f3n Cient\u00edfica del Instituto de Defensor\u00eda P\u00fablica del Estado de Hidalgo, y era consultor en Nuevo Sistema de Justicia Penal y se\u00f1alado tambi\u00e9n como perito en delitos y prevenci\u00f3n de riesgos financieros.<\/p>\n\n\n\n<p>Pablo Cajigal, a quien se reporta en estado grave tras el ataque, fue coordinador de investigaciones delictivas en la Fiscal\u00eda de Chihuahua. Se inform\u00f3 tambi\u00e9n de la atenci\u00f3n m\u00e9dica a Elizabeth \u2018N\u2019, Elisa \u2018R\u2019 y Miguel \u2018R\u2019, a quienes se reporta fuera de peligro.<\/p>\n\n\n\n<p>Seg\u00fan reportes de cuerpos de auxilio de Jalisco, la agresi\u00f3n ocurri\u00f3 en el cruce de Santa Rosal\u00eda y Doroteo Ram\u00f3n Corona, los agresores irrumpieron en la taquer\u00eda, d\u00f3nde cenaban los capacitadores, y les dispararon para despu\u00e9s huir a bordo de un veh\u00edculo Nissan March.<\/p>\n\n\n\n<p>No se han reportado detenciones tras el ataque a pesar que el sitio en que ocurrieron los hechos se ubica a poco m\u00e1s de un kil\u00f3metros de la Academia de Polic\u00eda de la Secretar\u00eda de Seguridad Jalisco, y a menos de 500 metros de un m\u00f3dulo de la Comisar\u00eda de Tlaquepaque.<\/p>\n\n\n\n<p>(Informaci\u00f3n de \u201cEl Financiero\u201d)<\/p>\n","protected":false},"excerpt":{"rendered":"<p>Redacci\u00f3n\/Zona Roja Cdmx. Ciudad de M\u00e9xico, a 18 de mayo de 2025.- Sujetos armados atacaron&hellip;<\/p>\n","protected":false},"author":2,"featured_media":80460,"comment_status":"closed","ping_status":"open","sticky":false,"template":"","format":"standard","meta":{"_lmt_disableupdate":"","_lmt_disable":"","_jetpack_memberships_contains_paid_content":false,"footnotes":""},"categories":[109,51],"tags":[2444],"class_list":["post-80459","post","type-post","status-publish","format-standard","has-post-thumbnail","hentry","category-minuto-a-minuto","category-zona-roja","tag-tlaquepaque-jalisco"],"jetpack_featured_media_url":"https:\/\/zonaroja.com.mx\/wp-content\/uploads\/2025\/05\/Asesinados-Tlaquepaque-Jalisco.jpg","jetpack_sharing_enabled":true,"_links":{"self":[{"href":"https:\/\/zonaroja.com.mx\/index.php?rest_route=\/wp\/v2\/posts\/80459","targetHints":{"allow":["GET"]}}],"collection":[{"href":"https:\/\/zonaroja.com.mx\/index.php?rest_route=\/wp\/v2\/posts"}],"about":[{"href":"https:\/\/zonaroja.com.mx\/index.php?rest_route=\/wp\/v2\/types\/post"}],"author":[{"embeddable":true,"href":"https:\/\/zonaroja.com.mx\/index.php?rest_route=\/wp\/v2\/users\/2"}],"replies":[{"embeddable":true,"href":"https:\/\/zonaroja.com.mx\/index.php?rest_route=%2Fwp%2Fv2%2Fcomments&post=80459"}],"version-history":[{"count":1,"href":"https:\/\/zonaroja.com.mx\/index.php?rest_route=\/wp\/v2\/posts\/80459\/revisions"}],"predecessor-version":[{"id":80461,"href":"https:\/\/zonaroja.com.mx\/index.php?rest_route=\/wp\/v2\/posts\/80459\/revisions\/80461"}],"wp:featuredmedia":[{"embeddable":true,"href":"https:\/\/zonaroja.com.mx\/index.php?rest_route=\/wp\/v2\/media\/80460"}],"wp:attachment":[{"href":"https:\/\/zonaroja.com.mx\/index.php?rest_route=%2Fwp%2Fv2%2Fmedia&parent=80459"}],"wp:term":[{"taxonomy":"category","embeddable":true,"href":"https:\/\/zonaroja.com.mx\/index.php?rest_route=%2Fwp%2Fv2%2Fcategories&post=80459"},{"taxonomy":"post_tag","embeddable":true,"href":"https:\/\/zonaroja.com.mx\/index.php?rest_route=%2Fwp%2Fv2%2Ftags&post=80459"}],"curies":[{"name":"wp","href":"https:\/\/api.w.org\/{rel}","templated":true}]}}