{"id":80462,"date":"2025-05-18T20:21:00","date_gmt":"2025-05-19T02:21:00","guid":{"rendered":"https:\/\/zonaroja.com.mx\/?p=80462"},"modified":"2025-05-18T20:21:02","modified_gmt":"2025-05-19T02:21:02","slug":"tras-restauracion-reabre-el-museo-de-las-culturas-de-oaxaca","status":"publish","type":"post","link":"https:\/\/zonaroja.com.mx\/?p=80462","title":{"rendered":"Tras restauraci\u00f3n, reabre el Museo de las Culturas de Oaxaca"},"content":{"rendered":"\n<p>Redacci\u00f3n\/Zona Roja.<\/p>\n\n\n\n<p>Oaxaca, Oax., a 18 de mayo de 2025.- El Museo de las Culturas de Oaxaca, alojado en el Ex Convento de Santo Domingo de Guzm\u00e1n, resguarda entre sus colecciones los emblem\u00e1ticos tesoros de la Tumba 7 de Monte Alb\u00e1n. Este edificio, perteneciente a la Secretar\u00eda de Cultura del Gobierno de M\u00e9xico, bajo tutela del Instituto Nacional de Antropolog\u00eda e Historia (INAH), recientemente fue objeto de un importante proceso de restauraci\u00f3n de las cubiertas de las salas VII, VIII, X, XII y XIII, as\u00ed como del extenso corredor adyacente.<\/p>\n\n\n\n<p>Los trabajos tambi\u00e9n devolvieron el esplendor a la yeser\u00eda y dorados de la b\u00f3veda que cubre la escalera monumental, as\u00ed como a los muros y la portada de la Celda del Prior. La labor abarc\u00f3 la sustituci\u00f3n de dinteles, pretiles y g\u00e1rgolas que requer\u00edan cambiarse debido al desgaste por el intemperismo y por la frecuente actividad s\u00edsmica que se registra en Oaxaca.<\/p>\n\n\n\n<p>De esta manera, el p\u00fablico podr\u00e1 disfrutar de nueva cuenta la belleza arquitect\u00f3nica del edificio y recrearse con la oferta arqueol\u00f3gica e hist\u00f3rica de sus salas, as\u00ed como de las exposiciones temporales: El tallador de sue\u00f1os, en la Sala de Profundis, con las obras de madera de Manuel Jim\u00e9nez, gran maestro del arte popular oaxaque\u00f1o, oriundo de San Antonio Arrazola; y Dolores Porras, taller, en la Sala Refectorio, compuesta con obras cer\u00e1micas de esta maestra del arte popular oaxaque\u00f1o, quien dej\u00f3 su huella art\u00edstica en el pueblo de Santa Mar\u00eda Atzompa.<\/p>\n\n\n\n<p>As\u00ed, el recinto muse\u00edstico ha logrado la normalizaci\u00f3n gradual de sus espacios, al igual que el contenido de las vitrinas y otros materiales diversos, en los que se puede notar el trabajo museogr\u00e1fico desplegado en cada una de las salas, con la intervenci\u00f3n y participaci\u00f3n activa del equipo de muse\u00f3grafos, asesores educativos, personal de custodia, seguridad y limpieza que laboran al servicio del gran p\u00fablico que visita este repositorio.<\/p>\n\n\n\n<p>El Museo de las Culturas de Oaxaca se ubica en la calle Macedonio Alcal\u00e1 s\/n, esquina con Adolfo C. Gurri\u00f3n, colonia Centro, Oaxaca de Ju\u00e1rez, Oaxaca. Horario: martes a domingo, de 9:00 a 17:00 horas. Costo: 100 pesos.<\/p>\n","protected":false},"excerpt":{"rendered":"<p>Redacci\u00f3n\/Zona Roja. Oaxaca, Oax., a 18 de mayo de 2025.- El Museo de las Culturas&hellip;<\/p>\n","protected":false},"author":2,"featured_media":80463,"comment_status":"closed","ping_status":"open","sticky":false,"template":"","format":"standard","meta":{"_lmt_disableupdate":"","_lmt_disable":"","_jetpack_memberships_contains_paid_content":false,"footnotes":""},"categories":[109,46],"tags":[4309],"class_list":["post-80462","post","type-post","status-publish","format-standard","has-post-thumbnail","hentry","category-minuto-a-minuto","category-zona-blanca","tag-museo-de-las-culturas-de-oaxaca"],"jetpack_featured_media_url":"https:\/\/zonaroja.com.mx\/wp-content\/uploads\/2025\/05\/Museo-de-las-Culturas-de-Oaxaca-Oax.jpg","jetpack_sharing_enabled":true,"_links":{"self":[{"href":"https:\/\/zonaroja.com.mx\/index.php?rest_route=\/wp\/v2\/posts\/80462","targetHints":{"allow":["GET"]}}],"collection":[{"href":"https:\/\/zonaroja.com.mx\/index.php?rest_route=\/wp\/v2\/posts"}],"about":[{"href":"https:\/\/zonaroja.com.mx\/index.php?rest_route=\/wp\/v2\/types\/post"}],"author":[{"embeddable":true,"href":"https:\/\/zonaroja.com.mx\/index.php?rest_route=\/wp\/v2\/users\/2"}],"replies":[{"embeddable":true,"href":"https:\/\/zonaroja.com.mx\/index.php?rest_route=%2Fwp%2Fv2%2Fcomments&post=80462"}],"version-history":[{"count":1,"href":"https:\/\/zonaroja.com.mx\/index.php?rest_route=\/wp\/v2\/posts\/80462\/revisions"}],"predecessor-version":[{"id":80464,"href":"https:\/\/zonaroja.com.mx\/index.php?rest_route=\/wp\/v2\/posts\/80462\/revisions\/80464"}],"wp:featuredmedia":[{"embeddable":true,"href":"https:\/\/zonaroja.com.mx\/index.php?rest_route=\/wp\/v2\/media\/80463"}],"wp:attachment":[{"href":"https:\/\/zonaroja.com.mx\/index.php?rest_route=%2Fwp%2Fv2%2Fmedia&parent=80462"}],"wp:term":[{"taxonomy":"category","embeddable":true,"href":"https:\/\/zonaroja.com.mx\/index.php?rest_route=%2Fwp%2Fv2%2Fcategories&post=80462"},{"taxonomy":"post_tag","embeddable":true,"href":"https:\/\/zonaroja.com.mx\/index.php?rest_route=%2Fwp%2Fv2%2Ftags&post=80462"}],"curies":[{"name":"wp","href":"https:\/\/api.w.org\/{rel}","templated":true}]}}