{"id":80468,"date":"2025-05-18T21:15:58","date_gmt":"2025-05-19T03:15:58","guid":{"rendered":"https:\/\/zonaroja.com.mx\/?p=80468"},"modified":"2025-05-18T21:16:00","modified_gmt":"2025-05-19T03:16:00","slug":"opinion-lukas-avendano-encontrarse-reconocerse-y-dignificarse","status":"publish","type":"post","link":"https:\/\/zonaroja.com.mx\/?p=80468","title":{"rendered":"Opini\u00f3n. Lukas Avenda\u00f1o: encontrarse, reconocerse y dignificarse"},"content":{"rendered":"\n<p>Diego Enrique Osorno*<\/p>\n\n\n\n<p>Yo soy Lukas Avenda\u00f1o, originario de la regi\u00f3n del Istmo de Tehuantepec, en el estado de Oaxaca. En esta ocasi\u00f3n he venido a dar mi tequio a este Encuentro Rebel (Revel) Arte, convocatoria del EZLN. Estamos aqu\u00ed en el Cideci de San Crist\u00f3bal de las Casas.<\/p>\n\n\n\n<p>***<\/p>\n\n\n\n<p>Radio Zapatista es un colectivo de comunicadores independientes que surgi\u00f3 en 2006 en el contexto de La Otra Campa\u00f1a lanzada en aquel entonces por el EZLN. Durante el reciente encuentro zapatista celebrado en el Caracol Jacinto Canek y en la Universidad de la Tierra de San Crist\u00f3bal de las Casas, fue uno de los medios libres, aut\u00f3nomos, alternativos, o c\u00f3mo se llamen, que cubri\u00f3 las actividades.<\/p>\n\n\n\n<p>En su canal de YouTube compartieron una entrevista que realizaron con el artista muxe Lukas Avenda\u00f1o.<\/p>\n\n\n\n<p>***<\/p>\n\n\n\n<p>Bueno, yo soy del Istmo, y en los \u00faltimos diez a\u00f1os ha habido una efervescencia relacionada con los muxerismos. Particularmente he intentado venir reflexionando sobre los muxerismos, sobre todo cuando empiezo a tener proximidad con unos relatos que hablan de la regi\u00f3n de Istmo de Tehuantepec como forjadora de homosexuales, ese istmo donde las mujeres mandan, un matriarcado en el que al \u00faltimo de los hijos casi lo obligan a ser homosexual, a cuidar a los pap\u00e1s y a las mam\u00e1s cuando son grandes.<\/p>\n\n\n\n<p>Entonces, esta es una reflexi\u00f3n que yo he venido haciendo, pero tambi\u00e9n es una realidad que he venido viviendo por mi manera sentimental, por mi manera sexo afectiva en c\u00f3mo me involucro con la gente.<\/p>\n\n\n\n<p>Entonces eso es por un lado y por otro lado, pues constantemente se nos pregunta \u00bfdesde cu\u00e1ndo existen las muxes? Eso me llev\u00f3 a intentar buscar referencias y me encuentro con que los peninsulares cuando establecen contacto con los amerindios en el territorio de lo que hoy es Estados Unidos de Norteam\u00e9rica y Canad\u00e1, la llamaron berdaches a los hombres y mujeres de dos esp\u00edritus, entonces yo intent\u00e9 hacer algo imaginando que no existe esta divisi\u00f3n del territorio, que no existen los pa\u00edses: \u00bfC\u00f3mo los muxhes podr\u00edan vincularse tambi\u00e9n con esa memoria?<\/p>\n\n\n\n<p>Alguna vez alguien me pregunt\u00f3 si me inspiraba EZLN y yo dije que no, que el EZLN no me inspiraba. El EZLN me ayud\u00f3 a encontrarme.<\/p>\n\n\n\n<p>Yo vengo de Tehuantepec, en donde, a pesar de que tiene una memoria hist\u00f3rica de descendientes de pueblos indios y tenemos pr\u00e1cticas tan cercanas, como los pueblos de San Blas, tenemos la producci\u00f3n de ma\u00edz, de repente no reconocemos ser indios, por un lado y por otro lado, Tehuantepec, por ser un corredor en donde tuvo mucho contacto desde el primer contacto con los peninsulares, pues se volvi\u00f3 con mucha gente circulando por ah\u00ed, entonces, de repente nos hicimos muy r\u00e1pido mestizos y muy r\u00e1pido mexicanos.<\/p>\n\n\n\n<p>Y en ese mismo sentido, todo mi proceso de infancia, yo recuerdo que la constante era: tienes que ir a la escuela para ser alguien en la vida, tienes que ir a la escuela para ser alguien en la vida, como si no fu\u00e9ramos alguien ya, pero eso iba de la mano, que ser alguien en la vida significaba dejar de ser campesino, dejar de reconocerte indio, dejar de ser prieto, como si eso se pudiera borrar de una manera.<\/p>\n\n\n\n<p>Y yo cre\u00ed en eso.<\/p>\n\n\n\n<p>Toda la primaria, la secundaria, sobre todo la preparatoria y mi deseo de estar en la universidad ten\u00eda que ver con eso que yo quer\u00eda ser alguien en la vida. Y en que quer\u00eda dejar de ser indio o tener que borrar todos esos rasgos que me connotaban como indio.<\/p>\n\n\n\n<p>Termin\u00f3 la universidad y cada vez que viajaba de Tehuantepec a Oaxaca, por ejemplo, que sub\u00eda a migraci\u00f3n, siempre me ped\u00eda identificarme y yo no pod\u00eda entender por qu\u00e9 me ped\u00edan identificarme. Hasta que me doy cuenta que no era mexicano. Mi fenotipo no era mexicano, mi fenotipo era guatemalteco, no s\u00e9.<\/p>\n\n\n\n<p>Y entonces aparece el EZLN. Primero puso en balanza que ser indio es valioso. Y en ese momento cuando aparece eso, todav\u00eda me parec\u00eda muy lejos Chiapas. Y aunque iba acerc\u00e1ndome despacito y de a poquito, porque tambi\u00e9n me parec\u00edan como ajenos, por esa construcci\u00f3n mental, aunque somos casi iguales, de los indios ya no hab\u00eda en M\u00e9xico.<\/p>\n\n\n\n<p>No es hasta que en el 2000 sabe y convocan a los otros amores, que yo empec\u00e9 a decirlos dignamente Otros amores, cuando nos nombran tan po\u00e9ticamente de esa manera, a los berdaches, a los muxes, a los putos, a los come cuando hay, a los que se atascan, cuando hay lodo, a las que se la comen doblada, etc\u00e9tera, etc\u00e9tera, etc\u00e9tera\u2026 cuando nos llaman dignamente los otros amores, yo dije s\u00ed, ya me vieron. Ahora s\u00ed me sent\u00ed convocado y fue cuando por primera vez puedo decir yo que dije \u201csi yo soy adherente del EZLN\u201d.<\/p>\n\n\n\n<p>Y a partir de entonces soy adherente del EZLN y a partir de entonces, por eso digo, no me inspiran, su presencia me hizo que me encontrara con esa dignidad.<\/p>\n\n\n\n<p>***<\/p>\n\n\n\n<p>Estar aqu\u00ed, el significado de estar aqu\u00ed para m\u00ed no es m\u00e1s que cumplir con mi tequio. A veces, cuando bailo en comunidad, la gente despu\u00e9s de que bailo llega, me toca, me persigna, me abrazan, me da las gracias y les digo no, no me den las gracias. O sea, este es mi tequio, esto es lo que yo menos mal hago. Si me ponen a hacer pan, lo voy a hacer mal. Si me ponen a hacer tortillas lo voy a hacer mal, pero lo que menos mal se hacer pues es bailar y hacer teatro y ese es mi tequio. A ustedes que hacen las tortillas, nadie va a la cocina y las persigna y las toca si son verdad, porque ustedes hacen las tortillas, ustedes hacen el pan o hacen la comida, entonces mi oficio tampoco es nada extraordinario, es un oficio\u2026 Los mejores zapateros est\u00e1n haciendo zapatos, los mejores alba\u00f1iles est\u00e1n haciendo adobes, los mejores campesinos est\u00e1n sembrando ma\u00edz y cosechando. Entonces, lo que yo hago es eso tambi\u00e9n: sembrar tambi\u00e9n.<\/p>\n\n\n\n<p>Pero eso significa para m\u00ed venir a dar tequio. Lo que doy es incomparable con lo que yo he recibido. Si no existiera el EZLN seguramente yo creer\u00eda que no tengo cara de indio, yo creer\u00eda que camuflarme con la camisa blanca manga larga y poni\u00e9ndome la camisa por dentro del cintur\u00f3n y con los zapatos boleados, el portafolio y peinadito con gel, con el cabello cortado, seguir\u00eda creyendo que entonces hay mil oportunidades que se abren para este cabeza de jabal\u00ed, para este cara de \u00eddolo, como dec\u00eda mi abuela.<\/p>\n\n\n\n<p>Pero no. Eso es una mentira. Entonces a m\u00ed, creo que la aparici\u00f3n del EZLN es la que me hace encontrarme, me salva de lo que me reste de vida, del dolor de encontrarte todo el tiempo con la puerta que se te cierra enfrente.<\/p>\n\n\n\n<p>Ese texto que digo de mi abuela es palabras que yo escuch\u00e9. Palabras que yo escuch\u00e9 cuando yo la acompa\u00f1aba al mercado y que te corren porque no tienes un permiso para vender, porque vendemos en la calle, porque somos los indios que siempre parece que andamos ah\u00ed mendigando.<\/p>\n\n\n\n<p>Y es entonces lo que yo presento ayer berdache. Alguien dir\u00eda, \u00bfqu\u00e9 tiene que ver los muxes y los bardachs y los putos con tu bisabuela? Pues si no existiera la bisabuela yo no existir\u00eda. Si mi bisabuela no hubiera parido a mi abuela y mi abuela no hubiera parido a mi madre Felipa y si mi madre Felipa&nbsp;no me hubiera parido a m\u00ed, \u00bfqu\u00e9?<\/p>\n\n\n\n<p>Entonces, lo que yo vivo se compara nada con lo que ellas han vivido. Y el valor que s\u00ed que tiene el EZLN es que por 500 a\u00f1os se aguantara ese dolor y que al final se saliera a decir basta ya, lo que hago yo es insignificante.<\/p>\n\n\n\n<p>Y entonces pues me siento en la responsabilidad de venir a compartir para que conozcan a mi abuela. Que puedan darse cuenta que la abuela que ellos tienen no es diferente a mi abuela. Y aunque para algunos puedan pensar que soy el artista, es como decirles, no compas, no, su abuela de ustedes pudo haber sido mi abuela. Y mi abuela y mi bisabuela, seguramente es la abuela y la bisabuela que ustedes tienen en la casa.<\/p>\n\n\n\n<p>*Escritor y periodista.<\/p>\n\n\n\n<p>@DiegoEOsorno<\/p>\n","protected":false},"excerpt":{"rendered":"<p>Diego Enrique Osorno* Yo soy Lukas Avenda\u00f1o, originario de la regi\u00f3n del Istmo de Tehuantepec,&hellip;<\/p>\n","protected":false},"author":2,"featured_media":67760,"comment_status":"closed","ping_status":"open","sticky":false,"template":"","format":"standard","meta":{"_lmt_disableupdate":"","_lmt_disable":"","_jetpack_memberships_contains_paid_content":false,"footnotes":""},"categories":[456,109],"tags":[3020],"class_list":["post-80468","post","type-post","status-publish","format-standard","has-post-thumbnail","hentry","category-columna","category-minuto-a-minuto","tag-diego-enrique-osorno"],"jetpack_featured_media_url":"https:\/\/zonaroja.com.mx\/wp-content\/uploads\/2024\/04\/Diego-Enrique-Osorno.jpeg","jetpack_sharing_enabled":true,"_links":{"self":[{"href":"https:\/\/zonaroja.com.mx\/index.php?rest_route=\/wp\/v2\/posts\/80468","targetHints":{"allow":["GET"]}}],"collection":[{"href":"https:\/\/zonaroja.com.mx\/index.php?rest_route=\/wp\/v2\/posts"}],"about":[{"href":"https:\/\/zonaroja.com.mx\/index.php?rest_route=\/wp\/v2\/types\/post"}],"author":[{"embeddable":true,"href":"https:\/\/zonaroja.com.mx\/index.php?rest_route=\/wp\/v2\/users\/2"}],"replies":[{"embeddable":true,"href":"https:\/\/zonaroja.com.mx\/index.php?rest_route=%2Fwp%2Fv2%2Fcomments&post=80468"}],"version-history":[{"count":1,"href":"https:\/\/zonaroja.com.mx\/index.php?rest_route=\/wp\/v2\/posts\/80468\/revisions"}],"predecessor-version":[{"id":80469,"href":"https:\/\/zonaroja.com.mx\/index.php?rest_route=\/wp\/v2\/posts\/80468\/revisions\/80469"}],"wp:featuredmedia":[{"embeddable":true,"href":"https:\/\/zonaroja.com.mx\/index.php?rest_route=\/wp\/v2\/media\/67760"}],"wp:attachment":[{"href":"https:\/\/zonaroja.com.mx\/index.php?rest_route=%2Fwp%2Fv2%2Fmedia&parent=80468"}],"wp:term":[{"taxonomy":"category","embeddable":true,"href":"https:\/\/zonaroja.com.mx\/index.php?rest_route=%2Fwp%2Fv2%2Fcategories&post=80468"},{"taxonomy":"post_tag","embeddable":true,"href":"https:\/\/zonaroja.com.mx\/index.php?rest_route=%2Fwp%2Fv2%2Ftags&post=80468"}],"curies":[{"name":"wp","href":"https:\/\/api.w.org\/{rel}","templated":true}]}}