{"id":8047,"date":"2020-01-25T14:39:56","date_gmt":"2020-01-25T20:39:56","guid":{"rendered":"http:\/\/www.zonaroja.com.mx\/?p=8047"},"modified":"2020-01-25T14:40:00","modified_gmt":"2020-01-25T20:40:00","slug":"inseguridad-e-invasion-de-ruta-pone-en-jaque-a-taxista-en-la-capital","status":"publish","type":"post","link":"https:\/\/zonaroja.com.mx\/?p=8047","title":{"rendered":"Inseguridad e invasi\u00f3n de ruta pone en jaque a taxista en la capital"},"content":{"rendered":"\n<p>Evlin Arag\u00f3n\/Zona Roja.<\/p>\n\n\n\n<p>Oaxaca de Ju\u00e1rez, Oax., 25 de enero de\n2020.- De nueva cuenta, el gremio de taxistas de la capital de oaxaque\u00f1a sali\u00f3\na las calles para exigir audiencia con el edil de Oaxaca de Ju\u00e1rez, Oswaldo\nGarc\u00eda Jarqu\u00edn, quien se ha negado a recibirlos para escuchar las demandas de\nmayor seguridad y alto a la invasi\u00f3n de rutas para quienes se dedican a brindar\nel servicio, seg\u00fan denunciaron. <\/p>\n\n\n\n<p>Representantes de los sitios \u201cAntequera\u201d,\n\u201cReforma\u201d, \u201cADO\u201d, entre otros, agrupados en tres grandes organizaciones como\nTACOE, UOTEO y CATCEO, que representan a m\u00e1s de mil ruleteros, hicieron\npresencia en el ayuntamiento capitalino en donde denunciaron que desde hace\nseis meses han buscado el acercamiento con el mandatario municipal, sin \u00e9xito\nalguno.<\/p>\n\n\n\n<p>\u201cNo nos qued\u00f3 de otra m\u00e1s que venir a\nmanifestarnos, no es un bloqueo, estaremos unos minutos y nos retiramos para\ndejar libre la circulaci\u00f3n porque lo que menos queremos es perjudicar a la\nciudadan\u00eda\u201d, dijo uno de los dirigentes ante los medios de comunicaci\u00f3n.<\/p>\n\n\n\n<p>Negaron que se trate de un asunto pol\u00edtico o que busquen beneficios particulares, como recientemente declar\u00f3 Garc\u00eda Jarqu\u00edn ante otro grupo de taxistas, mientras explicaron que es urgente que se atienda la inseguridad a la que se enfrenta quienes trabajan al volante, as\u00ed como la invasi\u00f3n de rutas que impacta directamente en su ingreso econ\u00f3mico. <\/p>\n\n\n\n<figure class=\"wp-block-embed-twitter wp-block-embed is-type-rich is-provider-twitter\"><div class=\"wp-block-embed__wrapper\">\n<div class=\"twitter-tweet\"><blockquote class=\"twitter-tweet\" data-lang=\"es\"><p lang=\"es\" dir=\"ltr\"><a href=\"https:\/\/twitter.com\/hashtag\/OaxacaGris?src=hash&amp;ref_src=twsrc%5Etfw\">#OaxacaGris<\/a><br>Taxistas de la ciudad de Oaxaca se movilizaron nuevamente esta ma\u00f1ana ante la nula respuesta del edil de <a href=\"https:\/\/twitter.com\/MunicipioOaxaca?ref_src=twsrc%5Etfw\">@MunicipioOaxaca<\/a>, <a href=\"https:\/\/twitter.com\/oswaldogarciaj?ref_src=twsrc%5Etfw\">@oswaldogarciaj<\/a>, a sus demandas de seguridad. <a href=\"https:\/\/t.co\/68jLa2tjz5\">pic.twitter.com\/68jLa2tjz5<\/a><\/p>&mdash; Zona Roja Oaxaca (@MexRoja) <a href=\"https:\/\/twitter.com\/MexRoja\/status\/1221123118967607297?ref_src=twsrc%5Etfw\">25 de enero de 2020<\/a><\/blockquote><\/div>\n<\/div><\/figure>\n\n\n\n<p>En este sentido, indicaron que tanto el\nmunicipio capitalino como la Secretar\u00eda de Movilidad, encabezada por Mariana\nNassar Pi\u00f1eyro, son las instancias encargadas de atender las problem\u00e1ticas, sin\nembargo, pareciera que a ninguna le interesa poner orden para brindar un mejor\nservicio dentro de la legalidad.<\/p>\n\n\n\n<p>Lejos de atender las demandas, la\nSemovi tampoco ha dado seguimiento al tema de las tarifas, las cuales el gremio\nbusca incrementar, pero no existe la normatividad necesaria que derive en la\nposibilidad de hacerlo de la mano con las autoridades. <\/p>\n\n\n\n<p>En materia de inseguridad, explicaron\nqu\u00e9 hay zonas en la ciudad donde siempre hay atracos, incluso hay gente que\nest\u00e1 identificada, no obstante las autoridades de seguridad municipal y estatal\nno hay hecho nada para poder detenerlos. <\/p>\n\n\n\n<p>Finalmente indicaron que mantienen su\ndisposici\u00f3n a trabajar para mejorar el servicio que brindan de manera cotidiana\na la ciudadan\u00eda, sin embargo denunciaron que fue la propia autoridad municipal\nquien cancel\u00f3 los cursos de capacitaci\u00f3n que manten\u00edan por lo que hasta ahora\nno est\u00e1n recibiendo ning\u00fan tipo de adiestramiento en beneficio de la\nciudadan\u00eda. <\/p>\n\n\n\n<p>Los taxistas partieron en caravana de\nla avenida Universidad de la capital y llegaron a la Plaza de la Danza, sobre\nla avenida Morelos, en busca de una mesa de di\u00e1logo, que les fue programada\npara la pr\u00f3xima semana.<\/p>\n","protected":false},"excerpt":{"rendered":"<p>Evlin Arag\u00f3n\/Zona Roja. Oaxaca de Ju\u00e1rez, Oax., 25 de enero de 2020.- De nueva cuenta,&hellip;<\/p>\n","protected":false},"author":2,"featured_media":8048,"comment_status":"closed","ping_status":"open","sticky":false,"template":"","format":"standard","meta":{"_lmt_disableupdate":"","_lmt_disable":"","_jetpack_memberships_contains_paid_content":false,"footnotes":""},"categories":[109,47],"tags":[1316],"class_list":["post-8047","post","type-post","status-publish","format-standard","has-post-thumbnail","hentry","category-minuto-a-minuto","category-zona-gris","tag-protestas-taxistas-oaxaca"],"jetpack_featured_media_url":"https:\/\/zonaroja.com.mx\/wp-content\/uploads\/2020\/01\/Caravana-taxistas.jpg","jetpack_sharing_enabled":true,"_links":{"self":[{"href":"https:\/\/zonaroja.com.mx\/index.php?rest_route=\/wp\/v2\/posts\/8047","targetHints":{"allow":["GET"]}}],"collection":[{"href":"https:\/\/zonaroja.com.mx\/index.php?rest_route=\/wp\/v2\/posts"}],"about":[{"href":"https:\/\/zonaroja.com.mx\/index.php?rest_route=\/wp\/v2\/types\/post"}],"author":[{"embeddable":true,"href":"https:\/\/zonaroja.com.mx\/index.php?rest_route=\/wp\/v2\/users\/2"}],"replies":[{"embeddable":true,"href":"https:\/\/zonaroja.com.mx\/index.php?rest_route=%2Fwp%2Fv2%2Fcomments&post=8047"}],"version-history":[{"count":1,"href":"https:\/\/zonaroja.com.mx\/index.php?rest_route=\/wp\/v2\/posts\/8047\/revisions"}],"predecessor-version":[{"id":8049,"href":"https:\/\/zonaroja.com.mx\/index.php?rest_route=\/wp\/v2\/posts\/8047\/revisions\/8049"}],"wp:featuredmedia":[{"embeddable":true,"href":"https:\/\/zonaroja.com.mx\/index.php?rest_route=\/wp\/v2\/media\/8048"}],"wp:attachment":[{"href":"https:\/\/zonaroja.com.mx\/index.php?rest_route=%2Fwp%2Fv2%2Fmedia&parent=8047"}],"wp:term":[{"taxonomy":"category","embeddable":true,"href":"https:\/\/zonaroja.com.mx\/index.php?rest_route=%2Fwp%2Fv2%2Fcategories&post=8047"},{"taxonomy":"post_tag","embeddable":true,"href":"https:\/\/zonaroja.com.mx\/index.php?rest_route=%2Fwp%2Fv2%2Ftags&post=8047"}],"curies":[{"name":"wp","href":"https:\/\/api.w.org\/{rel}","templated":true}]}}