{"id":80470,"date":"2025-05-19T07:34:42","date_gmt":"2025-05-19T13:34:42","guid":{"rendered":"https:\/\/zonaroja.com.mx\/?p=80470"},"modified":"2025-05-19T07:34:44","modified_gmt":"2025-05-19T13:34:44","slug":"y-que-paso-con-los-indigentes-y-drogadictos-retirados-de-la-central-de-abasto","status":"publish","type":"post","link":"https:\/\/zonaroja.com.mx\/?p=80470","title":{"rendered":"\u00bfY qu\u00e9 pas\u00f3 con los indigentes y drogadictos retirados de la Central de Abasto?"},"content":{"rendered":"\n<p>Raymundo Morales\/Zona Roja.<\/p>\n\n\n\n<p>Oaxaca, Oax., a 19 de mayo de 2025.- Luego de los operativos efectuados por corporaciones policiacas de los tres niveles de gobierno en la Central de Abasto de Oaxaca, durante dos d\u00edas, surgieron pol\u00e9micas y cr\u00edticas por el destino de m\u00e1s de 400 personas llevadas a municipios de la zona metropolitana.<\/p>\n\n\n\n<p>Seg\u00fan la informaci\u00f3n oficial, los d\u00edas viernes y s\u00e1bado, m\u00e1s de mil polic\u00edas detuvieron a 425 personas, pero no inform\u00f3 el destino de ellos, en su mayor\u00eda indigentes y con problemas de consumo de drogas.<\/p>\n\n\n\n<p>Fue el mismo viernes por la tarde en que se comenzaron a rebelar diversas autoridades de municipios colindantes con la capital, entre ellos San Pablo Huixtepec y Zimatl\u00e1n de \u00c1lvarez, que rechazaron que se halla levado a las personas a centros contra las adicciones en sus demarcaciones.<\/p>\n\n\n\n<p>\u201c\u2026respecto a a la presencia de autobuses con personas provenientes de otros puntos del estado, ya sen est\u00e1n tomando las medidas necesarias para resolver esta situaci\u00f3n.<\/p>\n\n\n\n<p>\u201cEn coordinaci\u00f3n con las autoridades competentes, se trabaja para que en las pr\u00f3ximas horas dichas unidades sean retiradas del municipio\u201d, difundi\u00f3 el ayuntamiento de Zimatl\u00e1n.<\/p>\n\n\n\n<p>Por su parte, la autoridad de Huixtepec reconoci\u00f3 incertidumbre entre la poblaci\u00f3n por la llegada de personas ajenas a la comunidad; \u201cfueron trasladadas aproximadamente 100 personas a ese centro de rehabilitaci\u00f3n, resultado de un operativo que hicieron en la ciudad de Oaxaca.<\/p>\n\n\n\n<p>\u201cSi en la ciudad de Oaxaca est\u00e1n haciendo operativos para poder sanear diferentes \u00e1reas, nosotros decimos que ah\u00ed tambi\u00e9n hay centros de rehabilitaci\u00f3n y no hay por qu\u00e9 trasladarlos a San Pablo Huixtepec\u201d, dio a conocer dicha autoridad.<\/p>\n\n\n\n<p>Tambi\u00e9n hubo quejas en Reyes Mantec\u00f3n, San Bartolo Coyotepec, y el valle de Tlacolula, donde se vieron cientos de personas, muchas de ellas deambulando.<\/p>\n\n\n\n<p>De acuerdo con diversos videos difundidos en las redes sociales, incluso param\u00e9dicos de organismos privados de auxilio, tuvieron que acudir a dar apoyo a las personas con problemas de adicciones.<\/p>\n\n\n\n<p>Mientras tanto, otras personas retiradas comenzaron a regresar a la Central de Abasto de la ciudad de Oaxaca.<\/p>\n\n\n\n<p>Hasta el momento no ha habido una postura oficial al respecto, tras el operativo en que participaron corporaciones de la Secretar\u00eda de Seguridad y Protecci\u00f3n Ciudadana, Fiscal\u00eda General del Estado, Guardia Nacional, entre otros.<\/p>\n","protected":false},"excerpt":{"rendered":"<p>Raymundo Morales\/Zona Roja. Oaxaca, Oax., a 19 de mayo de 2025.- Luego de los operativos&hellip;<\/p>\n","protected":false},"author":2,"featured_media":80471,"comment_status":"closed","ping_status":"open","sticky":false,"template":"","format":"standard","meta":{"_lmt_disableupdate":"","_lmt_disable":"","_jetpack_memberships_contains_paid_content":false,"footnotes":""},"categories":[109,47],"tags":[],"class_list":["post-80470","post","type-post","status-publish","format-standard","has-post-thumbnail","hentry","category-minuto-a-minuto","category-zona-gris"],"jetpack_featured_media_url":"https:\/\/zonaroja.com.mx\/wp-content\/uploads\/2025\/05\/Operativo-central-de-abasto-ciudad-de-Oaxaca.jpeg","jetpack_sharing_enabled":true,"_links":{"self":[{"href":"https:\/\/zonaroja.com.mx\/index.php?rest_route=\/wp\/v2\/posts\/80470","targetHints":{"allow":["GET"]}}],"collection":[{"href":"https:\/\/zonaroja.com.mx\/index.php?rest_route=\/wp\/v2\/posts"}],"about":[{"href":"https:\/\/zonaroja.com.mx\/index.php?rest_route=\/wp\/v2\/types\/post"}],"author":[{"embeddable":true,"href":"https:\/\/zonaroja.com.mx\/index.php?rest_route=\/wp\/v2\/users\/2"}],"replies":[{"embeddable":true,"href":"https:\/\/zonaroja.com.mx\/index.php?rest_route=%2Fwp%2Fv2%2Fcomments&post=80470"}],"version-history":[{"count":1,"href":"https:\/\/zonaroja.com.mx\/index.php?rest_route=\/wp\/v2\/posts\/80470\/revisions"}],"predecessor-version":[{"id":80472,"href":"https:\/\/zonaroja.com.mx\/index.php?rest_route=\/wp\/v2\/posts\/80470\/revisions\/80472"}],"wp:featuredmedia":[{"embeddable":true,"href":"https:\/\/zonaroja.com.mx\/index.php?rest_route=\/wp\/v2\/media\/80471"}],"wp:attachment":[{"href":"https:\/\/zonaroja.com.mx\/index.php?rest_route=%2Fwp%2Fv2%2Fmedia&parent=80470"}],"wp:term":[{"taxonomy":"category","embeddable":true,"href":"https:\/\/zonaroja.com.mx\/index.php?rest_route=%2Fwp%2Fv2%2Fcategories&post=80470"},{"taxonomy":"post_tag","embeddable":true,"href":"https:\/\/zonaroja.com.mx\/index.php?rest_route=%2Fwp%2Fv2%2Ftags&post=80470"}],"curies":[{"name":"wp","href":"https:\/\/api.w.org\/{rel}","templated":true}]}}