{"id":80473,"date":"2025-05-19T08:31:03","date_gmt":"2025-05-19T14:31:03","guid":{"rendered":"https:\/\/zonaroja.com.mx\/?p=80473"},"modified":"2025-05-19T08:31:05","modified_gmt":"2025-05-19T14:31:05","slug":"la-dea-alerta-por-posible-alianza-entre-chapitos-y-mencho","status":"publish","type":"post","link":"https:\/\/zonaroja.com.mx\/?p=80473","title":{"rendered":"La DEA alerta por posible alianza entre \u2018Chapitos\u2019 y \u2018Mencho\u2019"},"content":{"rendered":"\n<p>Redacci\u00f3n\/Zona Roja Cdmx.<\/p>\n\n\n\n<p>Ciudad de M\u00e9xico, a 19 de mayo de 2025.- La Administraci\u00f3n para el Control de Drogas (DEA, por sus sigla en ingl\u00e9s) advirti\u00f3 en su m\u00e1s reciente informe sobre una posible alianza entre &#8216;Los Chapitos&#8217;, facci\u00f3n del C\u00e1rtel de Sinaloa, y el C\u00e1rtel Jalisco Nueva Generaci\u00f3n (CJNG), grupo criminal liderado por Nemesio Oseguera Cervantes, conocido como &#8216;El Mencho&#8217;.<\/p>\n\n\n\n<p>De acuerdo con la DEA, el C\u00e1rtel Jalisco puede capitalizar el conflicto entre &#8216;Los Chapitos&#8217;, encabezados por hijos de Joaqu\u00edn Guzm\u00e1n Loera, y &#8216;Los Mayitos&#8217;, facci\u00f3n conducida por uno de los hijos de Ismael Zambada Garc\u00eda.<\/p>\n\n\n\n<p>La batalla entre ambas facciones del C\u00e1rtel de Sinaloa inici\u00f3 a mediados del a\u00f1o pasado, luego de que Zambada asegurara en una carta que Joaqu\u00edn Guzm\u00e1n L\u00f3pez, hijo de Guzm\u00e1n Loera, lo entreg\u00f3 por la fuerza a agentes de Estados Unidos despu\u00e9s de secuestrarlo en M\u00e9xico.<\/p>\n\n\n\n<p>Cientos de muertos y decenas de desaparecidos ha dejado la disputa entre &#8216;Los Chapitos&#8217; y &#8216;Los Mayitos&#8217;, quienes en su momento lucharon juntos para evitar que el C\u00e1rtel Jalisco tomara territorios en los que se trafican drogas.<\/p>\n\n\n\n<p>\u201cUna alianza estrat\u00e9gica entre el CJNG y &#8216;Los Chapitos&#8217; tiene el potencial de expandir los territorios, recursos, poder de fuego y acceso de estos grupos a funcionarios corruptos\u00bb, se\u00f1ala la DEA.<\/p>\n\n\n\n<p>La uni\u00f3n de ambos grupos criminales \u00bbpodr\u00eda resultar en una alteraci\u00f3n significativa del equilibrio existente de poder criminal en M\u00e9xico\u00bb, agrega.<\/p>\n\n\n\n<p>La DEA asegura que la uni\u00f3n de dichos grupos criminales podr\u00eda servir para aumentar el flujo de drogas hacia el norte y el tr\u00e1fico de armas hacia el sur en la frontera entre Estados Unidos y M\u00e9xico.<\/p>\n\n\n\n<p>De acuerdo con su informe, el C\u00e1rtel Jalisco ha fortalecido sus operaciones y ha aumentado su presencia en entidades mexicanas.<\/p>\n\n\n\n<p>La advertencia llega mientras el capo mexicano de la droga Ovidio Guzm\u00e1n est\u00e1 a punto de alcanzar un acuerdo para declararse culpable de los cargos de narcotr\u00e1fico a los que se enfrentaba en el Distrito Norte de Illinois.<\/p>\n\n\n\n<p>Ovidio, hijo del condenado narcotraficante mexicano Joaqu\u00edn &#8216;El Chapo&#8217; Guzm\u00e1n, era considerado uno de los l\u00edderes del famoso C\u00e1rtel de Sinaloa hasta que fue capturado y extraditado a Estados Unidos en 2023.<\/p>\n\n\n\n<p>De acuerdo con autoridades estadounidenses, Ovidio y sus hermanos, conocidos como &#8216;Los Chapitos&#8217;, dirig\u00edan una amplia operaci\u00f3n de narcotr\u00e1fico y \u00abpresuntamente obtuvieron cientos de millones de d\u00f3lares en ganancias inundando Estados Unidos con fentanilo\u00bb.<\/p>\n\n\n\n<p>Esta semana, autoridades mexicanas confirmaron que familiares de Ovidio y &#8216;El Chapo&#8217; cruzaron la frontera entre M\u00e9xico y Estados Unidos para entregarse a agentes estadounidenses.<\/p>\n\n\n\n<p>(Informaci\u00f3n de \u201cExpansi\u00f3n Pol\u00edtica\u201d)<\/p>\n","protected":false},"excerpt":{"rendered":"<p>Redacci\u00f3n\/Zona Roja Cdmx. Ciudad de M\u00e9xico, a 19 de mayo de 2025.- La Administraci\u00f3n para&hellip;<\/p>\n","protected":false},"author":2,"featured_media":80474,"comment_status":"closed","ping_status":"open","sticky":false,"template":"","format":"standard","meta":{"_lmt_disableupdate":"","_lmt_disable":"","_jetpack_memberships_contains_paid_content":false,"footnotes":""},"categories":[109,47],"tags":[1492],"class_list":["post-80473","post","type-post","status-publish","format-standard","has-post-thumbnail","hentry","category-minuto-a-minuto","category-zona-gris","tag-cartel-jalisco-nueva-generacion"],"jetpack_featured_media_url":"https:\/\/zonaroja.com.mx\/wp-content\/uploads\/2025\/05\/Cartel-Jalisco-Nueva-Generacion.jpg","jetpack_sharing_enabled":true,"_links":{"self":[{"href":"https:\/\/zonaroja.com.mx\/index.php?rest_route=\/wp\/v2\/posts\/80473","targetHints":{"allow":["GET"]}}],"collection":[{"href":"https:\/\/zonaroja.com.mx\/index.php?rest_route=\/wp\/v2\/posts"}],"about":[{"href":"https:\/\/zonaroja.com.mx\/index.php?rest_route=\/wp\/v2\/types\/post"}],"author":[{"embeddable":true,"href":"https:\/\/zonaroja.com.mx\/index.php?rest_route=\/wp\/v2\/users\/2"}],"replies":[{"embeddable":true,"href":"https:\/\/zonaroja.com.mx\/index.php?rest_route=%2Fwp%2Fv2%2Fcomments&post=80473"}],"version-history":[{"count":1,"href":"https:\/\/zonaroja.com.mx\/index.php?rest_route=\/wp\/v2\/posts\/80473\/revisions"}],"predecessor-version":[{"id":80475,"href":"https:\/\/zonaroja.com.mx\/index.php?rest_route=\/wp\/v2\/posts\/80473\/revisions\/80475"}],"wp:featuredmedia":[{"embeddable":true,"href":"https:\/\/zonaroja.com.mx\/index.php?rest_route=\/wp\/v2\/media\/80474"}],"wp:attachment":[{"href":"https:\/\/zonaroja.com.mx\/index.php?rest_route=%2Fwp%2Fv2%2Fmedia&parent=80473"}],"wp:term":[{"taxonomy":"category","embeddable":true,"href":"https:\/\/zonaroja.com.mx\/index.php?rest_route=%2Fwp%2Fv2%2Fcategories&post=80473"},{"taxonomy":"post_tag","embeddable":true,"href":"https:\/\/zonaroja.com.mx\/index.php?rest_route=%2Fwp%2Fv2%2Ftags&post=80473"}],"curies":[{"name":"wp","href":"https:\/\/api.w.org\/{rel}","templated":true}]}}