{"id":80495,"date":"2025-05-19T21:03:09","date_gmt":"2025-05-20T03:03:09","guid":{"rendered":"https:\/\/zonaroja.com.mx\/?p=80495"},"modified":"2025-05-19T21:03:11","modified_gmt":"2025-05-20T03:03:11","slug":"anuncian-bloqueo-a-la-carretera-costera-por-falta-de-atencion-gubernamental","status":"publish","type":"post","link":"https:\/\/zonaroja.com.mx\/?p=80495","title":{"rendered":"Anuncian bloqueo a la carretera costera, por falta de atenci\u00f3n gubernamental\u00a0"},"content":{"rendered":"\n<p>Raymundo Morales\/Zona Roja.<\/p>\n\n\n\n<p>Oaxaca, Oax., a 19 de mayo de 2025.-&nbsp;La&nbsp;Uni\u00f3n de Ejidos y Comunidades Agrarias Costa Istmo (Unecaci)&nbsp;anunci\u00f3 un bloqueo a la carretera federal 200 de la Costa, para ma\u00f1ana martes.<\/p>\n\n\n\n<p>Ser\u00e1 a la altura de los poblados Morro Mazat\u00e1n, Santiago&nbsp;Astata, El&nbsp;Coyul&nbsp;y San Pedro Tututepec, dieron a conocer.<\/p>\n\n\n\n<p>Lo anterior, luego que autoridades agrarias de los ejidos y bienes comunales presentaran oficios&nbsp;petitorios en diferentes dependencias de&nbsp;Gobierno&nbsp;Federal&nbsp;y del Gobierno de Oaxaca, y&nbsp;no obtuvieran respuesta&nbsp;sobre el pago de los derechos por el uso del territorio que se le entreg\u00f3&nbsp;a cada&nbsp;n\u00facleo agrario mediante resoluciones presidenciales&nbsp;para construcci\u00f3n de la carretera federal 200.<\/p>\n\n\n\n<p>Acusaron que durante cuarenta a\u00f1os,&nbsp;no&nbsp;se&nbsp;les&nbsp;han cubierto los derechos legales, y tampoco ha habido una respuesta de las autoridades.<\/p>\n\n\n\n<p>En la protesta junto a la Unecaci tambi\u00e9n estar\u00e1n autoridades agrarias de los ejidos y bienes comunales&nbsp;de la regi\u00f3n Chontal Baja y Costa (San Isidro&nbsp;Chacalapa, San Pedro&nbsp;Huamelula, Santiago&nbsp;Astata, Santa Cruz&nbsp;Bamba y Garrapatero, Morro Mazat\u00e1n, Santa Gertrudis Miramar, Nuevo Centro de Poblaci\u00f3n Agraria Miguel Hidalgo y Costilla, San Jos\u00e9 del Palmar, Bienes Comunales de Villa de Tututepec de Melchor Ocampo).<\/p>\n\n\n\n<p>La movilizaci\u00f3n se tiene programada para iniciar a las nueve de la ma\u00f1ana y no se realizar\u00e1 un bloqueo total de la carretera, sino que habr\u00e1 paso intermitente para veh\u00edculos.<\/p>\n\n\n\n<p>Los integrantes de la Unecaci esperan que con la movilizaci\u00f3n, los representante de gobierno escuchen las peticiones de las comunidades de la franja Costa-Istmo y den soluci\u00f3n a sus peticiones.<\/p>\n","protected":false},"excerpt":{"rendered":"<p>Raymundo Morales\/Zona Roja. Oaxaca, Oax., a 19 de mayo de 2025.-&nbsp;La&nbsp;Uni\u00f3n de Ejidos y Comunidades&hellip;<\/p>\n","protected":false},"author":2,"featured_media":80496,"comment_status":"closed","ping_status":"open","sticky":false,"template":"","format":"standard","meta":{"_lmt_disableupdate":"","_lmt_disable":"","_jetpack_memberships_contains_paid_content":false,"footnotes":""},"categories":[109,46],"tags":[4301],"class_list":["post-80495","post","type-post","status-publish","format-standard","has-post-thumbnail","hentry","category-minuto-a-minuto","category-zona-blanca","tag-el-coyul-huamelula"],"jetpack_featured_media_url":"https:\/\/zonaroja.com.mx\/wp-content\/uploads\/2025\/05\/Union-Agricola-Coyul.jpg","jetpack_sharing_enabled":true,"_links":{"self":[{"href":"https:\/\/zonaroja.com.mx\/index.php?rest_route=\/wp\/v2\/posts\/80495","targetHints":{"allow":["GET"]}}],"collection":[{"href":"https:\/\/zonaroja.com.mx\/index.php?rest_route=\/wp\/v2\/posts"}],"about":[{"href":"https:\/\/zonaroja.com.mx\/index.php?rest_route=\/wp\/v2\/types\/post"}],"author":[{"embeddable":true,"href":"https:\/\/zonaroja.com.mx\/index.php?rest_route=\/wp\/v2\/users\/2"}],"replies":[{"embeddable":true,"href":"https:\/\/zonaroja.com.mx\/index.php?rest_route=%2Fwp%2Fv2%2Fcomments&post=80495"}],"version-history":[{"count":1,"href":"https:\/\/zonaroja.com.mx\/index.php?rest_route=\/wp\/v2\/posts\/80495\/revisions"}],"predecessor-version":[{"id":80497,"href":"https:\/\/zonaroja.com.mx\/index.php?rest_route=\/wp\/v2\/posts\/80495\/revisions\/80497"}],"wp:featuredmedia":[{"embeddable":true,"href":"https:\/\/zonaroja.com.mx\/index.php?rest_route=\/wp\/v2\/media\/80496"}],"wp:attachment":[{"href":"https:\/\/zonaroja.com.mx\/index.php?rest_route=%2Fwp%2Fv2%2Fmedia&parent=80495"}],"wp:term":[{"taxonomy":"category","embeddable":true,"href":"https:\/\/zonaroja.com.mx\/index.php?rest_route=%2Fwp%2Fv2%2Fcategories&post=80495"},{"taxonomy":"post_tag","embeddable":true,"href":"https:\/\/zonaroja.com.mx\/index.php?rest_route=%2Fwp%2Fv2%2Ftags&post=80495"}],"curies":[{"name":"wp","href":"https:\/\/api.w.org\/{rel}","templated":true}]}}