{"id":8050,"date":"2020-01-25T16:51:24","date_gmt":"2020-01-25T22:51:24","guid":{"rendered":"http:\/\/www.zonaroja.com.mx\/?p=8050"},"modified":"2020-01-25T16:51:27","modified_gmt":"2020-01-25T22:51:27","slug":"heriberto-jarquin-medico-oaxaqueno-ejemplo-de-compromiso-social","status":"publish","type":"post","link":"https:\/\/zonaroja.com.mx\/?p=8050","title":{"rendered":"Heriberto Jarqu\u00edn, m\u00e9dico oaxaque\u00f1o ejemplo de compromiso social"},"content":{"rendered":"\n<p>Evlin Arag\u00f3n\/Zona Roja.<\/p>\n\n\n\n<p>Oaxaca de Ju\u00e1rez, Oax., 25 de enero de\n2020.- Originario de San Carlos Yautepec y egresado de la Facultad de Medicina\nde la Universidad Aut\u00f3noma \u201cBenito Ju\u00e1rez\u201d de Oaxaca, Heriberto Jarqu\u00edn\nMart\u00ednez es reconocido por su honestidad, entrega y compromiso social en\nbeneficio de quienes menos ten\u00edan.<\/p>\n\n\n\n<p>Estas cualidades le fueron reconocidas recientemente\npor la Secci\u00f3n 35 del Sindicato Nacional de Trabajadores de los Servicios de\nSalud, donde se destac\u00f3 a ex dirigentes del gremio, entre ellos el m\u00e9dico\nHeriberto Jarqu\u00edn Mart\u00ednez, quien fungi\u00f3 en el periodo 1980-1983.<\/p>\n\n\n\n<p>La historia profesional del doctor\nHeriberto data de los a\u00f1os 50, luego de concluir sus estudios en la UABJO que\nreci\u00e9n hab\u00eda cambiado su nombre despu\u00e9s de ser Instituto de Ciencias y Artes.<\/p>\n\n\n\n<p>Su servicio social lo hizo en Santa\nMar\u00eda Huatulco; en 1954 hizo su tesis profesional \u201cPaludismo Cl\u00ednico e \u00cdndice\nde Ross en la poblaci\u00f3n de Huatulco, Pochutla\u201d, y ah\u00ed se instal\u00f3 por m\u00e1s de dos\nd\u00e9cadas, donde fue reconocida su labor social.<\/p>\n\n\n\n<p>\u201cEn ese entonces Huatulco no era lo es\nhoy, no hab\u00eda luz el\u00e9ctrica ni caminos como los que conocemos ahora, hab\u00eda\nconflictos de tierras y las condiciones en materia de salud no eran buenas\u201d\nrelata Soledad Jarqu\u00edn, hija del m\u00e9dico reconocido.<\/p>\n\n\n\n<p>Por lo anterior Heriberto Jarqu\u00edn\nMart\u00ednez y su esposa Mar\u00eda de los \u00c1ngeles \u00c9dgar, enfermera de profesi\u00f3n,\nrealizaron un importante trabajo social en la zona, no s\u00f3lo m\u00e9dico, ya que\nincluso se sentaba con las personas que manten\u00edan conflictos agrarios o de\ncualquier otra \u00edndole y les ayudaba a resolver sus problemas de forma pac\u00edfica.<\/p>\n\n\n\n<p>\u201cNo fue f\u00e1cil, la gente literalmente se\nmataba por las tierras, mi pap\u00e1 y mi mam\u00e1 sal\u00edan por las noches a recoger a los\nheridos y se pasaban la noche operando y sacando las balas de los cuerpos que\npod\u00edan rescatar\u201d, relata Jarqu\u00edn Edgar.<\/p>\n\n\n\n<p>Lo anterior le vali\u00f3 ser propuesto como\npresidente municipal de la localidad, pese a no ser oriundo de ella, opci\u00f3n que\nfue avalada por la asamblea en 1962, convirti\u00e9ndose en la autoridad y dejando\ncomo legado el agua potable y la electrificaci\u00f3n en el municipio como\nprincipales obras.<\/p>\n\n\n\n<p>Tambi\u00e9n impuls\u00f3 el deporte como una\nforma de prevenir la violencia, incluso contrat\u00f3 a entrenadores de futbol y box\npara que llegaran a la comunidad a ense\u00f1ar las disciplinas, mientras que su\nesposa se esforzaba por ense\u00f1ar a las mujeres a mejorar las condiciones de\nhigiene en el hogar, cocinar, entre otras actividades.<\/p>\n\n\n\n<p>Su buen desempe\u00f1o, adem\u00e1s\ndesinteresado, le valieron el reconocimiento de toda una generaci\u00f3n como l\u00edder\nmoral; muchas familias lo buscaban para pagarle en especie su servicio m\u00e9dico\n\u2013al no contar con los recursos econ\u00f3micos para cubrir las consultas-, otras lo\nquer\u00edan como padrino de sus hijas e hijos, incluso una de las calles de la localidad\nlleva su nombre.<\/p>\n\n\n\n<p>La b\u00fasqueda por atender mejor a su\nfamilia, lo hizo regresar a la ciudad de Oaxaca y trasladarse a la Ciudad de\nM\u00e9xico para especializarse en Pediatr\u00eda.<\/p>\n\n\n\n<p>A su regreso fue contratado en el\nHospital Civil \u201cDr. Aurelio Valdivieso\u201d, donde realiz\u00f3 una carrera caracterizada\npor su impecable desempe\u00f1o y honestidad que le vali\u00f3 ser propuesto como\ndirigente sindical en el periodo 1980-1983.<\/p>\n\n\n\n<p>Pese al paso de los a\u00f1os, el legado\nhumanista de Heriberto Jarqu\u00edn Mart\u00ednez sigue vigente en la memoria del\npersonal m\u00e9dico que semanas atr\u00e1s, en el marco de su reconocimiento como ex\nl\u00edder sindical, recordaron el respaldo que les brindo para adquirir una plaza y\nmejorar sus condiciones laborares, ello sin aceptar ning\u00fan tipo de recurso\necon\u00f3mico que pudiera manchar su honestidad como sello caracter\u00edstico.<\/p>\n\n\n\n<p>Siempre trabajando para darle lo mejor\na su familia y amoroso con sus hijos e hijas as\u00ed es recordado el doctor\nHeriberto, que con 92 a\u00f1os y pese al cansancio f\u00edsico, acudi\u00f3 a su\nreconocimiento en vida, acompa\u00f1ado como desde hace m\u00e1s de 60 a\u00f1os de su esposa\nMar\u00eda de los \u00c1ngeles Edgar, con quien hizo equipo siempre no s\u00f3lo en lo\npersonal y familiar, sino en lo profesional y laboral.<\/p>\n","protected":false},"excerpt":{"rendered":"<p>Evlin Arag\u00f3n\/Zona Roja. Oaxaca de Ju\u00e1rez, Oax., 25 de enero de 2020.- Originario de San&hellip;<\/p>\n","protected":false},"author":2,"featured_media":8051,"comment_status":"closed","ping_status":"open","sticky":false,"template":"","format":"standard","meta":{"_lmt_disableupdate":"","_lmt_disable":"","_jetpack_memberships_contains_paid_content":false,"footnotes":""},"categories":[109,46],"tags":[1317],"class_list":["post-8050","post","type-post","status-publish","format-standard","has-post-thumbnail","hentry","category-minuto-a-minuto","category-zona-blanca","tag-heriberto-jarquin-martinez"],"jetpack_featured_media_url":"https:\/\/zonaroja.com.mx\/wp-content\/uploads\/2020\/01\/M\u00e9dico-padre-Sol-Jarqu\u00edn.jpg","jetpack_sharing_enabled":true,"_links":{"self":[{"href":"https:\/\/zonaroja.com.mx\/index.php?rest_route=\/wp\/v2\/posts\/8050","targetHints":{"allow":["GET"]}}],"collection":[{"href":"https:\/\/zonaroja.com.mx\/index.php?rest_route=\/wp\/v2\/posts"}],"about":[{"href":"https:\/\/zonaroja.com.mx\/index.php?rest_route=\/wp\/v2\/types\/post"}],"author":[{"embeddable":true,"href":"https:\/\/zonaroja.com.mx\/index.php?rest_route=\/wp\/v2\/users\/2"}],"replies":[{"embeddable":true,"href":"https:\/\/zonaroja.com.mx\/index.php?rest_route=%2Fwp%2Fv2%2Fcomments&post=8050"}],"version-history":[{"count":1,"href":"https:\/\/zonaroja.com.mx\/index.php?rest_route=\/wp\/v2\/posts\/8050\/revisions"}],"predecessor-version":[{"id":8052,"href":"https:\/\/zonaroja.com.mx\/index.php?rest_route=\/wp\/v2\/posts\/8050\/revisions\/8052"}],"wp:featuredmedia":[{"embeddable":true,"href":"https:\/\/zonaroja.com.mx\/index.php?rest_route=\/wp\/v2\/media\/8051"}],"wp:attachment":[{"href":"https:\/\/zonaroja.com.mx\/index.php?rest_route=%2Fwp%2Fv2%2Fmedia&parent=8050"}],"wp:term":[{"taxonomy":"category","embeddable":true,"href":"https:\/\/zonaroja.com.mx\/index.php?rest_route=%2Fwp%2Fv2%2Fcategories&post=8050"},{"taxonomy":"post_tag","embeddable":true,"href":"https:\/\/zonaroja.com.mx\/index.php?rest_route=%2Fwp%2Fv2%2Ftags&post=8050"}],"curies":[{"name":"wp","href":"https:\/\/api.w.org\/{rel}","templated":true}]}}