{"id":80500,"date":"2025-05-20T07:15:00","date_gmt":"2025-05-20T13:15:00","guid":{"rendered":"https:\/\/zonaroja.com.mx\/?p=80500"},"modified":"2025-05-20T06:50:09","modified_gmt":"2025-05-20T12:50:09","slug":"asesinan-a-otro-entrenador-de-basquetbol-en-la-zona-triqui-de-oaxaca","status":"publish","type":"post","link":"https:\/\/zonaroja.com.mx\/?p=80500","title":{"rendered":"Asesinan a otro entrenador de b\u00e1squetbol en la zona Triqui de Oaxaca"},"content":{"rendered":"\n<p>Ismael Garc\u00eda M.\/Zona Roja.<\/p>\n\n\n\n<p>Oaxaca, Oax., a 20 de mayo de 2025.- Otro entrenador de b\u00e1squetbol de ni\u00f1os de la etnia Triqui fue asesinado a balazos ayer, en Putla Villa de Guerrero, Oaxaca.<\/p>\n\n\n\n<p>Es el segundo caso que ocurre en medio a\u00f1o, pues en noviembre de 2024, fue ultimado a balazos otro deportista que entrenaba a los menores de edad de la regi\u00f3n.<\/p>\n\n\n\n<p>El crimen de Cutberto Hern\u00e1ndez Garc\u00eda ocurri\u00f3 ayer cerca de las 15:00 horas en la carretera federal 125 \u201cAlfonso P\u00e9rez Gasga\u201d y la calle Oaxaca, en el municipio de Putla, seg\u00fan dio a conocer el Movimiento de Unificaci\u00f3n y Lucha Triqui.<\/p>\n\n\n\n<p>Seg\u00fan la organizaci\u00f3n social, la v\u00edctima era maestro en educaci\u00f3n primaria y entrenador de los llamados \u201cNi\u00f1os descalzos de la monta\u00f1a\u201d, originario de San Miguel Copala.<\/p>\n\n\n\n<p>\u201cEste hecho se suma a la larga lista de cobardes asesinatos e impunidad por parte del gobierno local y de Fiscal\u00eda del Estado.<\/p>\n\n\n\n<p>\u201cComo ha sido de conocimiento, los traidores y enemigos de la paz, administran la violencia, para beneficios personales, es tanto as\u00ed que siguen sin resolverse 37 asesinatos desde el a\u00f1o 2022.<\/p>\n\n\n\n<p>\u201cAnte esta emergencia de inseguridad en el municipio y por la falta de compromiso por parte de la polic\u00eda municipal y estatal, exigimos la intervenci\u00f3n del Gobierno del Estado y hacer una limpia de servidores p\u00fablicos (polic\u00eda estatal y municipal) coludidos con la delincuencia\u201d, expuso en un comunicado.<\/p>\n\n\n\n<p>Por otra parte, fue el pasado 12 de noviembre en que ultimaron a balazos al entrenador de b\u00e1squetbol, Rigoberto Mart\u00ednez, frente a la Escuela Normal \u201cL\u00e1zaro C\u00e1rdenas\u201d, tambi\u00e9n en Putla Villa de Guerrero.<\/p>\n","protected":false},"excerpt":{"rendered":"<p>Ismael Garc\u00eda M.\/Zona Roja. Oaxaca, Oax., a 20 de mayo de 2025.- Otro entrenador de&hellip;<\/p>\n","protected":false},"author":2,"featured_media":80501,"comment_status":"closed","ping_status":"open","sticky":false,"template":"","format":"standard","meta":{"_lmt_disableupdate":"","_lmt_disable":"","_jetpack_memberships_contains_paid_content":false,"footnotes":""},"categories":[109,47],"tags":[4310,867],"class_list":["post-80500","post","type-post","status-publish","format-standard","has-post-thumbnail","hentry","category-minuto-a-minuto","category-zona-gris","tag-cutberto-hernandez-garcia","tag-movimiento-unificador-de-lucha-triqui-mult"],"jetpack_featured_media_url":"https:\/\/zonaroja.com.mx\/wp-content\/uploads\/2025\/05\/Entrenador-triqui-Cutberto-Hernandez.jpg","jetpack_sharing_enabled":true,"_links":{"self":[{"href":"https:\/\/zonaroja.com.mx\/index.php?rest_route=\/wp\/v2\/posts\/80500","targetHints":{"allow":["GET"]}}],"collection":[{"href":"https:\/\/zonaroja.com.mx\/index.php?rest_route=\/wp\/v2\/posts"}],"about":[{"href":"https:\/\/zonaroja.com.mx\/index.php?rest_route=\/wp\/v2\/types\/post"}],"author":[{"embeddable":true,"href":"https:\/\/zonaroja.com.mx\/index.php?rest_route=\/wp\/v2\/users\/2"}],"replies":[{"embeddable":true,"href":"https:\/\/zonaroja.com.mx\/index.php?rest_route=%2Fwp%2Fv2%2Fcomments&post=80500"}],"version-history":[{"count":1,"href":"https:\/\/zonaroja.com.mx\/index.php?rest_route=\/wp\/v2\/posts\/80500\/revisions"}],"predecessor-version":[{"id":80502,"href":"https:\/\/zonaroja.com.mx\/index.php?rest_route=\/wp\/v2\/posts\/80500\/revisions\/80502"}],"wp:featuredmedia":[{"embeddable":true,"href":"https:\/\/zonaroja.com.mx\/index.php?rest_route=\/wp\/v2\/media\/80501"}],"wp:attachment":[{"href":"https:\/\/zonaroja.com.mx\/index.php?rest_route=%2Fwp%2Fv2%2Fmedia&parent=80500"}],"wp:term":[{"taxonomy":"category","embeddable":true,"href":"https:\/\/zonaroja.com.mx\/index.php?rest_route=%2Fwp%2Fv2%2Fcategories&post=80500"},{"taxonomy":"post_tag","embeddable":true,"href":"https:\/\/zonaroja.com.mx\/index.php?rest_route=%2Fwp%2Fv2%2Ftags&post=80500"}],"curies":[{"name":"wp","href":"https:\/\/api.w.org\/{rel}","templated":true}]}}