{"id":80503,"date":"2025-05-20T08:15:00","date_gmt":"2025-05-20T14:15:00","guid":{"rendered":"https:\/\/zonaroja.com.mx\/?p=80503"},"modified":"2025-05-20T07:07:23","modified_gmt":"2025-05-20T13:07:23","slug":"pide-gobernador-investigar-y-sancionar-campana-contra-eleccion-judicial","status":"publish","type":"post","link":"https:\/\/zonaroja.com.mx\/?p=80503","title":{"rendered":"Pide gobernador investigar y sancionar campa\u00f1a contra elecci\u00f3n judicial"},"content":{"rendered":"\n<p>Redacci\u00f3n\/Zona Roja.&nbsp;<\/p>\n\n\n\n<p>Oaxaca, Oax., a 20 de mayo de 2025.- El gobernador de Oaxaca, Salom\u00f3n Jara Cruz, exhort\u00f3 al Instituto Nacional Electoral (INE) a condenar la campa\u00f1a difundida en medios de comunicaci\u00f3n y redes sociales para inhibir el voto en las elecciones del Poder Judicial, que se llevar\u00e1n a cabo el pr\u00f3ximo 1 de junio.<\/p>\n\n\n\n<p>Asimismo, hizo un llamado a la Fiscal\u00eda Especializada para la Atenci\u00f3n de los Delitos Electorales para investigar y sancionar a las y los responsables intelectuales y materiales de esta operaci\u00f3n que atenta contra la democracia y el ejercicio del derecho al voto del pueblo mexicano.<\/p>\n\n\n\n<p>\u201cReiteramos nuestro llamado a la ciudadan\u00eda a participar y continuar inform\u00e1ndose sobre las y los candidatos a cargos del Poder Judicial. Busquen y acudan a su centro de votaci\u00f3n el pr\u00f3ximo 1 de junio\u201d, se\u00f1al\u00f3.<\/p>\n\n\n\n<p>RECHAZA IMPUESTOS&nbsp;<\/p>\n\n\n\n<p>Por otro lado, el gobernante oaxaque\u00f1o reiter\u00f3 su apoyo a la Presidenta Claudia Sheinbaum Pardo, en su postura de rechazo al impuesto a las remesas propuestas por el Presidente Donald Trump.<\/p>\n\n\n\n<p>\u201cLos gobiernos federal y estatal seguir\u00e1n trabajando de manera coordinada para oponerse y proteger el fruto de su trabajo. Gracias a las y los oaxaque\u00f1os por contribuir al bienestar de sus familias y comunidades\u201d, manifest\u00f3.<\/p>\n\n\n\n<p>Jara Cruz subray\u00f3 que gravar con un cinco por ciento el env\u00edo de las remesas de las y los mexicanos, es una propuesta discriminatoria e injusta que podr\u00eda generar graves da\u00f1os.<\/p>\n\n\n\n<p>De acuerdo con el Banco de M\u00e9xico, en 2024, Oaxaca recibi\u00f3 un total de 3 mil 433 millones de d\u00f3lares enviados por personas migrantes. Cabe destacar que, en ese a\u00f1o, ingresaron m\u00e1s de 63 mil millones de d\u00f3lares al pa\u00eds.&nbsp;<\/p>\n\n\n\n<p>RESPALDO A MARINO<\/p>\n\n\n\n<p>Asimismo, el titular del Poder Ejecutivo reiter\u00f3 su respaldo a la familia del cadete oaxaque\u00f1o, Adal Jair Maldonado Marcos, originario de San Mateo del Mar, quien perdi\u00f3 la vida en el accidente del Buque Escuela \u201cCuauht\u00e9moc\u201d, en Nueva York, Estados Unidos.<\/p>\n\n\n\n<p>\u201cNosotros estaremos muy atentos y habr\u00e1 todo el acompa\u00f1amiento que sea necesario por parte del Gobierno del Estado\u201d, dijo en conferencia de prensa.<\/p>\n\n\n\n<p>La ma\u00f1ana de ayer, en la Mesa de Seguridad encabezada por el mandatario estatal, se guard\u00f3 un minuto de silencio como muestra de respeto y homenaje en memoria de las dos personas que perdieron la vida en este accidente.<\/p>\n","protected":false},"excerpt":{"rendered":"<p>Redacci\u00f3n\/Zona Roja.&nbsp; Oaxaca, Oax., a 20 de mayo de 2025.- El gobernador de Oaxaca, Salom\u00f3n&hellip;<\/p>\n","protected":false},"author":2,"featured_media":80504,"comment_status":"closed","ping_status":"open","sticky":false,"template":"","format":"standard","meta":{"_lmt_disableupdate":"","_lmt_disable":"","_jetpack_memberships_contains_paid_content":false,"footnotes":""},"categories":[109,46],"tags":[939],"class_list":["post-80503","post","type-post","status-publish","format-standard","has-post-thumbnail","hentry","category-minuto-a-minuto","category-zona-blanca","tag-salomon-jara-cruz"],"jetpack_featured_media_url":"https:\/\/zonaroja.com.mx\/wp-content\/uploads\/2025\/05\/Exhorta-Gobernador-de-Oaxaca-a-investigar-y-sancionar-campana-contra-elecciones-del-Poder-Judicial-1.jpeg","jetpack_sharing_enabled":true,"_links":{"self":[{"href":"https:\/\/zonaroja.com.mx\/index.php?rest_route=\/wp\/v2\/posts\/80503","targetHints":{"allow":["GET"]}}],"collection":[{"href":"https:\/\/zonaroja.com.mx\/index.php?rest_route=\/wp\/v2\/posts"}],"about":[{"href":"https:\/\/zonaroja.com.mx\/index.php?rest_route=\/wp\/v2\/types\/post"}],"author":[{"embeddable":true,"href":"https:\/\/zonaroja.com.mx\/index.php?rest_route=\/wp\/v2\/users\/2"}],"replies":[{"embeddable":true,"href":"https:\/\/zonaroja.com.mx\/index.php?rest_route=%2Fwp%2Fv2%2Fcomments&post=80503"}],"version-history":[{"count":1,"href":"https:\/\/zonaroja.com.mx\/index.php?rest_route=\/wp\/v2\/posts\/80503\/revisions"}],"predecessor-version":[{"id":80505,"href":"https:\/\/zonaroja.com.mx\/index.php?rest_route=\/wp\/v2\/posts\/80503\/revisions\/80505"}],"wp:featuredmedia":[{"embeddable":true,"href":"https:\/\/zonaroja.com.mx\/index.php?rest_route=\/wp\/v2\/media\/80504"}],"wp:attachment":[{"href":"https:\/\/zonaroja.com.mx\/index.php?rest_route=%2Fwp%2Fv2%2Fmedia&parent=80503"}],"wp:term":[{"taxonomy":"category","embeddable":true,"href":"https:\/\/zonaroja.com.mx\/index.php?rest_route=%2Fwp%2Fv2%2Fcategories&post=80503"},{"taxonomy":"post_tag","embeddable":true,"href":"https:\/\/zonaroja.com.mx\/index.php?rest_route=%2Fwp%2Fv2%2Ftags&post=80503"}],"curies":[{"name":"wp","href":"https:\/\/api.w.org\/{rel}","templated":true}]}}