{"id":80506,"date":"2025-05-20T10:15:00","date_gmt":"2025-05-20T16:15:00","guid":{"rendered":"https:\/\/zonaroja.com.mx\/?p=80506"},"modified":"2025-05-20T08:08:39","modified_gmt":"2025-05-20T14:08:39","slug":"suman-33-mujeres-asesinadas-este-ano-segun-informe-de-ong","status":"publish","type":"post","link":"https:\/\/zonaroja.com.mx\/?p=80506","title":{"rendered":"Suman 33 mujeres asesinadas este a\u00f1o, seg\u00fan informe de ONG"},"content":{"rendered":"\n<p>Raymundo Morales\/Zona Roja.<\/p>\n\n\n\n<p>Oaxaca de Ju\u00e1rez, Oax., a 20 de mayo de 2025.- De acuerdo con la asociaci\u00f3n civil Grupo de Estudios de la Mujer \u201cRosario Castellanos\u201d (GES Mujer), 33 mujeres han sido asesinadas en Oaxaca durante este a\u00f1o.<\/p>\n\n\n\n<p>Ocho casos ocurrieron en la regi\u00f3n Valles Centrales y otros ocho en la regi\u00f3n del Istmo de Tehuantepec; seis m\u00e1s en la Sierra Sur y cinco en la Costa; tres en la Sierra de Ju\u00e1rez, dos en la Mixteca y uno en la Cuenca del Papaloapan.<\/p>\n\n\n\n<p>De las mujeres asesinadas, que se presume fueron feminicidios, una de ella menos de 12 a\u00f1os de edad; otras tres ten\u00edan entre 13 y 18 a\u00f1os de edad. En siete casos, ten\u00edan entre 30 y 44 a\u00f1os de edad y en 10 casos no se especifica la edad.<\/p>\n\n\n\n<p>En un recuento hemerogr\u00e1fico que lleva a trav\u00e9s del Centro de Documentaci\u00f3n, GES Mujer detall\u00f3 que desde el 1 de diciembre del a\u00f1o 2022 al 19 de mayo de 2025, ya son 237 v\u00edctimas.<\/p>\n\n\n\n<p>Como lo ha informado ZONA ROJA, los m\u00e1s recientes cr\u00edmenes en contra de mujeres ocurrieron el pasado domingo, con un caso en Reyes Mantec\u00f3n, San Bartolo Coyotepec, cuya v\u00edctima estaba embarazada, y otro en Juchit\u00e1n de Zaragoza.<\/p>\n\n\n\n<p>Otra femenina fue ultimada en mayo, el d\u00eda 13, fue en Santiago Amoltepec; el 9 de mayo en Huajuapan de Le\u00f3n; el 7 de mayo en Putla Villa de Guerrero, y el 30 de abril en Santo Domingo Tehuantepec.<\/p>\n\n\n\n<p>La Fiscal\u00eda General del Estado de Oaxaca ha reiterado que indaga todos los casos bajo protocolos de feminicidio.<\/p>\n","protected":false},"excerpt":{"rendered":"<p>Raymundo Morales\/Zona Roja. Oaxaca de Ju\u00e1rez, Oax., a 20 de mayo de 2025.- De acuerdo&hellip;<\/p>\n","protected":false},"author":2,"featured_media":69880,"comment_status":"closed","ping_status":"open","sticky":false,"template":"","format":"standard","meta":{"_lmt_disableupdate":"","_lmt_disable":"","_jetpack_memberships_contains_paid_content":false,"footnotes":""},"categories":[109,47],"tags":[610],"class_list":["post-80506","post","type-post","status-publish","format-standard","has-post-thumbnail","hentry","category-minuto-a-minuto","category-zona-gris","tag-feminicidios-oaxaca"],"jetpack_featured_media_url":"https:\/\/zonaroja.com.mx\/wp-content\/uploads\/2024\/06\/Feminicidios.webp","jetpack_sharing_enabled":true,"_links":{"self":[{"href":"https:\/\/zonaroja.com.mx\/index.php?rest_route=\/wp\/v2\/posts\/80506","targetHints":{"allow":["GET"]}}],"collection":[{"href":"https:\/\/zonaroja.com.mx\/index.php?rest_route=\/wp\/v2\/posts"}],"about":[{"href":"https:\/\/zonaroja.com.mx\/index.php?rest_route=\/wp\/v2\/types\/post"}],"author":[{"embeddable":true,"href":"https:\/\/zonaroja.com.mx\/index.php?rest_route=\/wp\/v2\/users\/2"}],"replies":[{"embeddable":true,"href":"https:\/\/zonaroja.com.mx\/index.php?rest_route=%2Fwp%2Fv2%2Fcomments&post=80506"}],"version-history":[{"count":1,"href":"https:\/\/zonaroja.com.mx\/index.php?rest_route=\/wp\/v2\/posts\/80506\/revisions"}],"predecessor-version":[{"id":80507,"href":"https:\/\/zonaroja.com.mx\/index.php?rest_route=\/wp\/v2\/posts\/80506\/revisions\/80507"}],"wp:featuredmedia":[{"embeddable":true,"href":"https:\/\/zonaroja.com.mx\/index.php?rest_route=\/wp\/v2\/media\/69880"}],"wp:attachment":[{"href":"https:\/\/zonaroja.com.mx\/index.php?rest_route=%2Fwp%2Fv2%2Fmedia&parent=80506"}],"wp:term":[{"taxonomy":"category","embeddable":true,"href":"https:\/\/zonaroja.com.mx\/index.php?rest_route=%2Fwp%2Fv2%2Fcategories&post=80506"},{"taxonomy":"post_tag","embeddable":true,"href":"https:\/\/zonaroja.com.mx\/index.php?rest_route=%2Fwp%2Fv2%2Ftags&post=80506"}],"curies":[{"name":"wp","href":"https:\/\/api.w.org\/{rel}","templated":true}]}}