{"id":80515,"date":"2025-05-20T01:26:00","date_gmt":"2025-05-20T07:26:00","guid":{"rendered":"https:\/\/zonaroja.com.mx\/?p=80515"},"modified":"2025-05-20T08:27:34","modified_gmt":"2025-05-20T14:27:34","slug":"opinion-operacion-pescador-de-indigentes","status":"publish","type":"post","link":"https:\/\/zonaroja.com.mx\/?p=80515","title":{"rendered":"Opini\u00f3n. Operaci\u00f3n \u201cPescador\u201d\u2026 de indigentes"},"content":{"rendered":"\n<p>Isidoro Yescas*<\/p>\n\n\n\n<p>Lo denominaron Operaci\u00f3n \u201cPescador\u201d&nbsp;y&nbsp;participaron&nbsp;m\u00e1s de mil elementos de las polic\u00edas estatal, municipal, Guardia Nacional\u2026.. y otras&nbsp;mas. &nbsp;El objetivo: limpiar la Central de Abasto de delincuentes.&nbsp;<\/p>\n\n\n\n<p>Se trat\u00f3 de un operativo espectacular que por algunas horas complic\u00f3 el tr\u00e1fico vehicular por todo el \u00e1rea circundante a esta zona convertida desde hace&nbsp;d\u00e9cadas en&nbsp;territorio de operaci\u00f3n de la delincuencia organizada y no organizada.&nbsp;<\/p>\n\n\n\n<p>Una ruidosa movilizaci\u00f3n&nbsp;policiaca&nbsp;llevada&nbsp;a cabo el pasado fin de semana&nbsp;que parec\u00eda el inicio de una campa\u00f1a a fondo para&nbsp;combatir la inseguridad que campea en toda la ciudad capital&nbsp;y que&nbsp;deriv\u00f3&nbsp;en&nbsp;un serio problema del que ya debiera tomar nota la DDHPO: la detenci\u00f3n y&nbsp;virtual abandono de personas en situaci\u00f3n de calle y\/o drogadictos y drogadictas.&nbsp;<\/p>\n\n\n\n<p>Del propio reporte de prensa emitido por la Fiscal\u00eda General del Estado se deduce que fue m\u00e1s el ruido&nbsp;medi\u00e1tico&nbsp;que&nbsp;los resultados alcanzados: aseguramiento de seis veh\u00edculos, retiro de 34 c\u00e1maras de videovigilancia en circuito cerrado instalados \u201cde manera irregular\u201d, 13 personas detenidas \u201cpor actividades de halconeo, drogas y diversos delitos\u201d y la detenci\u00f3n de otras 425 personas\u2026&nbsp;en su mayor\u00eda indigentes.&nbsp;<\/p>\n\n\n\n<p>Y como si la incidencia delictiva tuviera que medirse por cada operativo y no por resultados en el mediano o largo plazo, en el bolet\u00edn oficial de la FGEO se presumi\u00f3 que mediante esta intervenci\u00f3n&nbsp;\u201c se&nbsp;redujo&nbsp;en un 63 por ciento&nbsp;la incidencia delictiva\u201d&nbsp;( sic) en la citada Central de Abasto.&nbsp;<\/p>\n\n\n\n<p>No&nbsp;se detuvo a ning\u00fan pez gordo ni de medio pelo,&nbsp;ni&nbsp;se registr\u00f3 el&nbsp;decomiso de&nbsp;drogas o&nbsp;mercanc\u00eda pirata que abundan&nbsp;en la zona, pero s\u00ed a&nbsp;decenas&nbsp;de&nbsp;personas&nbsp;inocentes, indigentes, entre hombres y mujeres,&nbsp;que ahora ya se&nbsp;est\u00e1 convirtiendo en un nuevo problema para el Gobierno del Estado al empezar a buscarles albergue en&nbsp;centros de rehabilitaci\u00f3n fuera de la ciudad capital, como es el caso del Centro \u201cLuz y Vida\u201d de San Pablo&nbsp;Huixtepec, cuyas autoridades municipales&nbsp;han expresado su inconformidad con esta disposici\u00f3n gubernamental.<\/p>\n\n\n\n<p>Y en todo esta&nbsp;cadena de improvisaci\u00f3n e irresponsabilidad oficial la DDHPO debiera&nbsp;intervenir para evitar mayores atropellos&nbsp;de la autoridad hacia un sector social altamente vulnerable.<\/p>\n\n\n\n<p>REPROBADOS EN PAZ POSITIVA\u2026<\/p>\n\n\n\n<p>De acuerdo al&nbsp;\u00cdndice &nbsp;de&nbsp;Paz 2025, Oaxaca est\u00e1 reprobado en paz positiva, esto es, en todo lo relacionado con las buenas relaciones entre gobernantes y gobernados, combate a la corrupci\u00f3n, eficacia administrativa en el sector p\u00fablico, etc.&nbsp;<\/p>\n\n\n\n<p>Junto con los estados de Morelos, Guerrero, Tabasco y Puebla, nuestra entidad registr\u00f3 durante el a\u00f1o 2024 los niveles m\u00e1s bajos de paz positiva.&nbsp;<\/p>\n\n\n\n<p>Lo buena noticia es que, seg\u00fan lo reportado desde el Palacio Primaveral, Oaxaca se mantiene como el quinto&nbsp;estado &nbsp;m\u00e1s&nbsp;seguro de M\u00e9xico\u2026 aunque las ejecuciones, desapariciones, feminicidios, son cosa de todos los d\u00edas.<\/p>\n\n\n\n<p>*Maestro en Sociolog\u00eda y periodista.<\/p>\n\n\n\n<p>@YescasMartinez<\/p>\n","protected":false},"excerpt":{"rendered":"<p>Isidoro Yescas* Lo denominaron Operaci\u00f3n \u201cPescador\u201d&nbsp;y&nbsp;participaron&nbsp;m\u00e1s de mil elementos de las polic\u00edas estatal, municipal, Guardia&hellip;<\/p>\n","protected":false},"author":2,"featured_media":78328,"comment_status":"closed","ping_status":"open","sticky":false,"template":"","format":"standard","meta":{"_lmt_disableupdate":"","_lmt_disable":"","_jetpack_memberships_contains_paid_content":false,"footnotes":""},"categories":[456,109],"tags":[3998],"class_list":["post-80515","post","type-post","status-publish","format-standard","has-post-thumbnail","hentry","category-columna","category-minuto-a-minuto","tag-isidoro-yescas-martinez"],"jetpack_featured_media_url":"https:\/\/zonaroja.com.mx\/wp-content\/uploads\/2025\/03\/Isidoro-Yescas-Martinez.jpg","jetpack_sharing_enabled":true,"_links":{"self":[{"href":"https:\/\/zonaroja.com.mx\/index.php?rest_route=\/wp\/v2\/posts\/80515","targetHints":{"allow":["GET"]}}],"collection":[{"href":"https:\/\/zonaroja.com.mx\/index.php?rest_route=\/wp\/v2\/posts"}],"about":[{"href":"https:\/\/zonaroja.com.mx\/index.php?rest_route=\/wp\/v2\/types\/post"}],"author":[{"embeddable":true,"href":"https:\/\/zonaroja.com.mx\/index.php?rest_route=\/wp\/v2\/users\/2"}],"replies":[{"embeddable":true,"href":"https:\/\/zonaroja.com.mx\/index.php?rest_route=%2Fwp%2Fv2%2Fcomments&post=80515"}],"version-history":[{"count":1,"href":"https:\/\/zonaroja.com.mx\/index.php?rest_route=\/wp\/v2\/posts\/80515\/revisions"}],"predecessor-version":[{"id":80516,"href":"https:\/\/zonaroja.com.mx\/index.php?rest_route=\/wp\/v2\/posts\/80515\/revisions\/80516"}],"wp:featuredmedia":[{"embeddable":true,"href":"https:\/\/zonaroja.com.mx\/index.php?rest_route=\/wp\/v2\/media\/78328"}],"wp:attachment":[{"href":"https:\/\/zonaroja.com.mx\/index.php?rest_route=%2Fwp%2Fv2%2Fmedia&parent=80515"}],"wp:term":[{"taxonomy":"category","embeddable":true,"href":"https:\/\/zonaroja.com.mx\/index.php?rest_route=%2Fwp%2Fv2%2Fcategories&post=80515"},{"taxonomy":"post_tag","embeddable":true,"href":"https:\/\/zonaroja.com.mx\/index.php?rest_route=%2Fwp%2Fv2%2Ftags&post=80515"}],"curies":[{"name":"wp","href":"https:\/\/api.w.org\/{rel}","templated":true}]}}