{"id":80517,"date":"2025-05-20T14:40:57","date_gmt":"2025-05-20T20:40:57","guid":{"rendered":"https:\/\/zonaroja.com.mx\/?p=80517"},"modified":"2025-05-20T14:40:59","modified_gmt":"2025-05-20T20:40:59","slug":"hallan-vehiculos-que-habrian-usado-sicarios-contra-funcionarios-de-la-cdmx","status":"publish","type":"post","link":"https:\/\/zonaroja.com.mx\/?p=80517","title":{"rendered":"Hallan veh\u00edculos que habr\u00edan usado sicarios contra funcionarios de la Cdmx"},"content":{"rendered":"\n<p>Redacci\u00f3n\/Zona Roja Cdmx.<\/p>\n\n\n\n<p>Ciudad de M\u00e9xico, a 20 de mayo de 2025.- Elementos de la Secretar\u00eda de Seguridad Ciudadana y de la Fiscal\u00eda de Justicia de la ciudad de M\u00e9xico llevan a cabo un operativo para dar con los responsables de los homicidios de Ximena Guzm\u00e1n y Jos\u00e9 Mu\u00f1oz, secretaria particular y asesor de la jefa de Gobierno capitalino, Clara Brugada Molina.<\/p>\n\n\n\n<p>Hasta el momento se han localizado una camioneta azul marino en la calle Reyna X\u00f3chitl, del Barrio La Asunci\u00f3n, en la alcald\u00eda Iztacalco y una motocicleta, en la colonia Moderna, a s\u00f3lo unas calles de donde ocurri\u00f3 el crimen.<\/p>\n\n\n\n<p>COLABORADORES CERCANOS<\/p>\n\n\n\n<p>Ximena Guzm\u00e1n Cuevas y Jos\u00e9 Mu\u00f1oz Vega, secretaria particular y coordinador de la jefa de Gobierno, Clara Brugada, respectivamente, fueron asesinados esta ma\u00f1ana.&nbsp;<\/p>\n\n\n\n<p>Ambos formaban parte del c\u00edrculo m\u00e1s cercano de la mandataria, con quien colaboraban desde su paso por la entonces Asamblea Legislativa del Distrito Federal.&nbsp;<\/p>\n\n\n\n<p>En sus redes sociales, Guzm\u00e1n Cuevas se defin\u00eda como \u201csoci\u00f3loga del deporte, corredora de ida y de regreso, experimentando en la bici, viajera y amante del precipicio\u201d.<\/p>\n\n\n\n<p>Acostumbraba a promover los eventos de la jefa de Gobierno. Su \u00faltima publicaci\u00f3n fue sobre la proyecci\u00f3n de la pel\u00edcula Flow en el Z\u00f3calo, como parte de la celebraci\u00f3n del D\u00eda del Ni\u00f1o, el pasado 30 de abril.<\/p>\n\n\n\n<p>Con licenciatura y maestr\u00eda en Sociolog\u00eda por la Universidad Aut\u00f3noma Metropolitana y la \u00c9cole des Hautes \u00c9tudes en Sciences Sociales (EHESS) de Par\u00eds, Francia, respectivamente, Guzm\u00e1n Cuevas desempe\u00f1\u00f3 diversos cargos en la administraci\u00f3n p\u00fablica de la capital del pa\u00eds.<\/p>\n\n\n\n<p>Era secretaria particular de Brugada desde 2023, cuando \u00e9sta se encontraba al frente de la alcald\u00eda Iztapalapa. Entre 2015 y 2018 trabaj\u00f3 en la Secretar\u00eda de Gobierno de la Ciudad de M\u00e9xico como subdirectora de Giras y Reuniones de Trabajo, coordinando agendas del espacio p\u00fablico y dando seguimiento a acuerdos interinstitucionales.<\/p>\n\n\n\n<p>Por su parte, Mu\u00f1oz Vega se desempe\u00f1\u00f3 como analista, asesor y secretario t\u00e9cnico parlamentario desde 1990. Acompa\u00f1\u00f3 a la jefa de Gobierno a lo largo de pr\u00e1cticamente toda su trayectoria profesional.<\/p>\n\n\n\n<p>Con formaci\u00f3n en ciencia pol\u00edtica y administraci\u00f3n p\u00fablica, era el principal asesor de la actual administraci\u00f3n. Ninguna decisi\u00f3n importante se tomaba sin su aprobaci\u00f3n. Siempre discreto, Mu\u00f1oz Vega estaba presente en todos los eventos de Brugada Molina.&nbsp;<\/p>\n\n\n\n<p>CERO IMPUNIDAD<\/p>\n\n\n\n<p>La jefa de gobierno de la Ciudad de M\u00e9xico, Clara Brugada, se comprometi\u00f3 a esclarecer y que no haya impunidad en el homicidio de su secretaria particular Ximena Guzm\u00e1n y asesor Jos\u00e9 Mu\u00f1oz, ocurrido esta ma\u00f1ana en Calzada de Tlalpan.<\/p>\n\n\n\n<p>En un breve mensaje, subray\u00f3 que el caso se investiga con el mismo rigor con el que las autoridades de seguridad e impartici\u00f3n de justicia realizan su trabajo todos los d\u00edas.<\/p>\n\n\n\n<p>Desde el Antiguo Palacio del Ayuntamiento, la titular del ejecutivo local expres\u00f3 a los capitalinos que su gobierno continuar\u00e1 \u201ccon su lucha implacable contra la inseguridad y con el compromiso de todo el gobierno de seguir trabajando intensamente para continuar con la transformaci\u00f3n de esta gran ciudad\u201d.<\/p>\n","protected":false},"excerpt":{"rendered":"<p>Redacci\u00f3n\/Zona Roja Cdmx. Ciudad de M\u00e9xico, a 20 de mayo de 2025.- Elementos de la&hellip;<\/p>\n","protected":false},"author":2,"featured_media":80518,"comment_status":"closed","ping_status":"open","sticky":false,"template":"","format":"standard","meta":{"_lmt_disableupdate":"","_lmt_disable":"","_jetpack_memberships_contains_paid_content":false,"footnotes":""},"categories":[109,47],"tags":[3731],"class_list":["post-80517","post","type-post","status-publish","format-standard","has-post-thumbnail","hentry","category-minuto-a-minuto","category-zona-gris","tag-clara-brugada"],"jetpack_featured_media_url":"https:\/\/zonaroja.com.mx\/wp-content\/uploads\/2025\/05\/Asesinato-colaboradores-Cdmx.jpg","jetpack_sharing_enabled":true,"_links":{"self":[{"href":"https:\/\/zonaroja.com.mx\/index.php?rest_route=\/wp\/v2\/posts\/80517","targetHints":{"allow":["GET"]}}],"collection":[{"href":"https:\/\/zonaroja.com.mx\/index.php?rest_route=\/wp\/v2\/posts"}],"about":[{"href":"https:\/\/zonaroja.com.mx\/index.php?rest_route=\/wp\/v2\/types\/post"}],"author":[{"embeddable":true,"href":"https:\/\/zonaroja.com.mx\/index.php?rest_route=\/wp\/v2\/users\/2"}],"replies":[{"embeddable":true,"href":"https:\/\/zonaroja.com.mx\/index.php?rest_route=%2Fwp%2Fv2%2Fcomments&post=80517"}],"version-history":[{"count":1,"href":"https:\/\/zonaroja.com.mx\/index.php?rest_route=\/wp\/v2\/posts\/80517\/revisions"}],"predecessor-version":[{"id":80519,"href":"https:\/\/zonaroja.com.mx\/index.php?rest_route=\/wp\/v2\/posts\/80517\/revisions\/80519"}],"wp:featuredmedia":[{"embeddable":true,"href":"https:\/\/zonaroja.com.mx\/index.php?rest_route=\/wp\/v2\/media\/80518"}],"wp:attachment":[{"href":"https:\/\/zonaroja.com.mx\/index.php?rest_route=%2Fwp%2Fv2%2Fmedia&parent=80517"}],"wp:term":[{"taxonomy":"category","embeddable":true,"href":"https:\/\/zonaroja.com.mx\/index.php?rest_route=%2Fwp%2Fv2%2Fcategories&post=80517"},{"taxonomy":"post_tag","embeddable":true,"href":"https:\/\/zonaroja.com.mx\/index.php?rest_route=%2Fwp%2Fv2%2Ftags&post=80517"}],"curies":[{"name":"wp","href":"https:\/\/api.w.org\/{rel}","templated":true}]}}