{"id":80526,"date":"2025-05-20T20:51:11","date_gmt":"2025-05-21T02:51:11","guid":{"rendered":"https:\/\/zonaroja.com.mx\/?p=80526"},"modified":"2025-05-20T20:51:13","modified_gmt":"2025-05-21T02:51:13","slug":"respaldan-comerciantes-operativos-en-la-central-de-abasto","status":"publish","type":"post","link":"https:\/\/zonaroja.com.mx\/?p=80526","title":{"rendered":"Respaldan comerciantes operativos en la Central de Abasto"},"content":{"rendered":"\n<p>Redacci\u00f3n\/Zona Roja.<\/p>\n\n\n\n<p>Oaxaca, Oax., a 20 de mayo de 2025.- Durante la sesi\u00f3n de Cabildo celebrada este martes, comerciantes de la Central de Abasto expresaron su respaldo a las acciones de seguridad que el ayuntamiento de Oaxaca de Ju\u00e1rez ha implementado para recuperar el orden y la tranquilidad en esta zona clave para el comercio y la econom\u00eda local.<\/p>\n\n\n\n<p>Las y los concejales coincidieron en que los operativos realizados forman parte de una estrategia integral para atender una demanda ciudadana hist\u00f3rica y generar condiciones m\u00e1s seguras para quienes compran, venden y transitan diariamente por el lugar.<\/p>\n\n\n\n<p>Como parte de la sesi\u00f3n, tambi\u00e9n se present\u00f3 y aprob\u00f3 el dictamen de la Comisi\u00f3n de Mercados P\u00fablicos, enfocado en continuar fortaleciendo el funcionamiento y regulaci\u00f3n de los espacios comerciales del municipio, incluyendo acciones concretas para la Central de Abasto, lo cual no se realizaba desde hace 40 a\u00f1os.<\/p>\n\n\n\n<p>En la sesi\u00f3n tambi\u00e9n se aprobaron acuerdos para mejorar el funcionamiento del gobierno municipal y avanzar en la atenci\u00f3n de servicios p\u00fablicos y necesidades prioritarias de la ciudadan\u00eda.<\/p>\n\n\n\n<p>Desde el Cabildo, se contin\u00faa trabajando con orden, responsabilidad y cercan\u00eda para construir una capital m\u00e1s segura, ordenada y con mejores condiciones para todas y todos.<\/p>\n\n\n\n<figure class=\"wp-block-embed is-type-rich is-provider-twitter wp-block-embed-twitter\"><div class=\"wp-block-embed__wrapper\">\n<div class=\"twitter-tweet\"><blockquote class=\"twitter-tweet\" data-lang=\"es\"><p lang=\"es\" dir=\"ltr\">Cientos de comerciantes llenaron esta ma\u00f1ana pasillos del palacio municipal y el sal\u00f3n de Cabildo del <a href=\"https:\/\/twitter.com\/MunicipioOaxaca?ref_src=twsrc%5Etfw\">@MunicipioOaxaca<\/a>, para agradecer al edil <a href=\"https:\/\/twitter.com\/raychagoya?ref_src=twsrc%5Etfw\">@raychagoya<\/a> los operativos efectuados el fin de semana en la Central de Abasto. <a href=\"https:\/\/t.co\/Xxaa3RXJi3\">pic.twitter.com\/Xxaa3RXJi3<\/a><\/p>&mdash; Zona Roja Oaxaca (@ZonaRoja_Oaxaca) <a href=\"https:\/\/twitter.com\/ZonaRoja_Oaxaca\/status\/1924865629800013949?ref_src=twsrc%5Etfw\">20 de mayo de 2025<\/a><\/blockquote><\/div>\n<\/div><\/figure>\n","protected":false},"excerpt":{"rendered":"<p>Redacci\u00f3n\/Zona Roja. Oaxaca, Oax., a 20 de mayo de 2025.- Durante la sesi\u00f3n de Cabildo&hellip;<\/p>\n","protected":false},"author":2,"featured_media":80527,"comment_status":"closed","ping_status":"open","sticky":false,"template":"","format":"standard","meta":{"_lmt_disableupdate":"","_lmt_disable":"","_jetpack_memberships_contains_paid_content":false,"footnotes":""},"categories":[109,46],"tags":[148],"class_list":["post-80526","post","type-post","status-publish","format-standard","has-post-thumbnail","hentry","category-minuto-a-minuto","category-zona-blanca","tag-oaxaca-de-juarez"],"jetpack_featured_media_url":"https:\/\/zonaroja.com.mx\/wp-content\/uploads\/2025\/05\/Respaldo-comerciantes-edil-Ray-Chagoya.jpg","jetpack_sharing_enabled":true,"_links":{"self":[{"href":"https:\/\/zonaroja.com.mx\/index.php?rest_route=\/wp\/v2\/posts\/80526","targetHints":{"allow":["GET"]}}],"collection":[{"href":"https:\/\/zonaroja.com.mx\/index.php?rest_route=\/wp\/v2\/posts"}],"about":[{"href":"https:\/\/zonaroja.com.mx\/index.php?rest_route=\/wp\/v2\/types\/post"}],"author":[{"embeddable":true,"href":"https:\/\/zonaroja.com.mx\/index.php?rest_route=\/wp\/v2\/users\/2"}],"replies":[{"embeddable":true,"href":"https:\/\/zonaroja.com.mx\/index.php?rest_route=%2Fwp%2Fv2%2Fcomments&post=80526"}],"version-history":[{"count":1,"href":"https:\/\/zonaroja.com.mx\/index.php?rest_route=\/wp\/v2\/posts\/80526\/revisions"}],"predecessor-version":[{"id":80528,"href":"https:\/\/zonaroja.com.mx\/index.php?rest_route=\/wp\/v2\/posts\/80526\/revisions\/80528"}],"wp:featuredmedia":[{"embeddable":true,"href":"https:\/\/zonaroja.com.mx\/index.php?rest_route=\/wp\/v2\/media\/80527"}],"wp:attachment":[{"href":"https:\/\/zonaroja.com.mx\/index.php?rest_route=%2Fwp%2Fv2%2Fmedia&parent=80526"}],"wp:term":[{"taxonomy":"category","embeddable":true,"href":"https:\/\/zonaroja.com.mx\/index.php?rest_route=%2Fwp%2Fv2%2Fcategories&post=80526"},{"taxonomy":"post_tag","embeddable":true,"href":"https:\/\/zonaroja.com.mx\/index.php?rest_route=%2Fwp%2Fv2%2Ftags&post=80526"}],"curies":[{"name":"wp","href":"https:\/\/api.w.org\/{rel}","templated":true}]}}