{"id":80529,"date":"2025-05-20T21:31:33","date_gmt":"2025-05-21T03:31:33","guid":{"rendered":"https:\/\/zonaroja.com.mx\/?p=80529"},"modified":"2025-05-20T21:31:35","modified_gmt":"2025-05-21T03:31:35","slug":"fortalecen-justicia-en-xoxocotlan-con-fiscalia-en-tu-comunidad","status":"publish","type":"post","link":"https:\/\/zonaroja.com.mx\/?p=80529","title":{"rendered":"Fortalecen justicia en Xoxocotl\u00e1n, con \u201cFiscal\u00eda en tu comunidad\u201d"},"content":{"rendered":"\n<p>Redacci\u00f3n\/Zona Roja.<\/p>\n\n\n\n<p>Oaxaca, Oax., a 20 de mayo de 2025.- Con el compromiso de fortalecer la seguridad y promover una justicia con rostro humano, el municipio de Santa Cruz Xoxocotl\u00e1n, presidido por Nancy Ben\u00edtez Z\u00e1rate, fue sede del programa \u201cFiscal\u00eda en tu comunidad\u201d.<\/p>\n\n\n\n<p>Se trata de una iniciativa de la Fiscal\u00eda General del Estado de Oaxaca que busca acercar servicios, informaci\u00f3n y formaci\u00f3n tanto a autoridades de seguridad p\u00fablica como a la poblaci\u00f3n en general.&nbsp;<\/p>\n\n\n\n<p>Durante el acto inaugural, la presidenta municipal agradeci\u00f3 la presencia del fiscal general, Jos\u00e9 Bernardo Rodr\u00edguez Alamilla, as\u00ed como del equipo de vicefiscal\u00edas, instructores, y autoridades municipales y estatales presentes. Subray\u00f3 la importancia de abrir espacios de di\u00e1logo, formaci\u00f3n y acompa\u00f1amiento, especialmente en temas sensibles como la violencia familiar.<\/p>\n\n\n\n<p>\u201cEste taller tiene dos prop\u00f3sitos muy importantes: primero, que entre todas podamos identificar las diferentes formas de violencia familiar, como la f\u00edsica, psicol\u00f3gica y econ\u00f3mica, y que tengamos herramientas para reconocerlas y decir \u2018\u00a1Basta!\u2019. El segundo es que conozcan el CEJUM, un espacio seguro donde las mujeres ser\u00e1n escuchadas y acompa\u00f1adas\u201d, expres\u00f3 Ben\u00edtez Z\u00e1rate.<\/p>\n\n\n\n<p>El programa \u201cFiscal\u00eda en tu comunidad\u201d tiene como objetivo recuperar la confianza ciudadana en las instituciones de procuraci\u00f3n de justicia, a trav\u00e9s de acciones coordinadas con autoridades municipales. Entre sus principales ejes se encuentran: capacitaci\u00f3n a polic\u00edas municipales, talleres para mujeres sobre prevenci\u00f3n de la violencia familiar, y difusi\u00f3n de los servicios que ofrece la Fiscal\u00eda, como el Centro de Justicia para las Mujeres (CEJUM).&nbsp;<\/p>\n\n\n\n<p>Tambi\u00e9n se impartieron sesiones sobre justicia para adolescentes, ni\u00f1as y ni\u00f1os, actuaci\u00f3n del primer respondiente, as\u00ed como temas relacionados con el delito conocido como \u201cgota a gota\u201d y formas de extorsi\u00f3n.<\/p>\n\n\n\n<p>En su mensaje, el fiscal general Jos\u00e9 Bernardo Rodr\u00edguez Alamilla reconoci\u00f3 la desconfianza hist\u00f3rica entre la ciudadan\u00eda y las instituciones, particularmente en el \u00e1mbito de la seguridad, por lo que este programa busca generar cercan\u00eda y colaboraci\u00f3n interinstitucional.<\/p>\n\n\n\n<p>\u201cLo que observamos al inicio de la administraci\u00f3n fue un distanciamiento fuerte hacia las instituciones. Por eso estamos aqu\u00ed, para romper esa desconfianza y generar procesos de coordinaci\u00f3n y di\u00e1logo con ustedes\u201d, se\u00f1al\u00f3 el fiscal.<\/p>\n\n\n\n<p>Rodr\u00edguez Alamilla destac\u00f3 tambi\u00e9n la importancia de fortalecer a las polic\u00edas municipales, a las que calific\u00f3 como \u201cel eslab\u00f3n hist\u00f3ricamente olvidado\u201d, y enfatiz\u00f3 que saber c\u00f3mo actuar ante determinadas circunstancias puede significar la diferencia entre la vida y la muerte.<\/p>\n\n\n\n<p>Asimismo, alert\u00f3 sobre delitos con alta prevalencia en los Valles Centrales, como la violencia familiar \u2014que representa el delito n\u00famero uno en el estado y afecta en un 95% a mujeres\u2014, el cr\u00e9dito informal \u201cgota a gota\u201d, y la extorsi\u00f3n telef\u00f3nica; delitos que, se\u00f1al\u00f3, requieren atenci\u00f3n interinstitucional y la participaci\u00f3n activa de la ciudadan\u00eda a trav\u00e9s de la denuncia.&nbsp;<\/p>\n\n\n\n<p>Durante la jornada participaron tambi\u00e9n el s\u00edndico procurador, Omar Bernal Santiago; el comisionado de Seguridad, Marcos Humberto Mart\u00ednez Figueroa; la directora de Seguridad Ciudadana, Shantal D\u00edaz Bautista; la presidenta del DIF Municipal, Patricia Yarazet Cruz Ben\u00edtez; integrantes del Cabildo Municipal; el vicefiscal regional, Samuel Jim\u00e9nez Acevedo; as\u00ed como elementos de la Polic\u00eda Municipal y servidores p\u00fablicos de la Fiscal\u00eda General del Estado.<\/p>\n","protected":false},"excerpt":{"rendered":"<p>Redacci\u00f3n\/Zona Roja. Oaxaca, Oax., a 20 de mayo de 2025.- Con el compromiso de fortalecer&hellip;<\/p>\n","protected":false},"author":2,"featured_media":80530,"comment_status":"closed","ping_status":"open","sticky":false,"template":"","format":"standard","meta":{"_lmt_disableupdate":"","_lmt_disable":"","_jetpack_memberships_contains_paid_content":false,"footnotes":""},"categories":[109,46],"tags":[133],"class_list":["post-80529","post","type-post","status-publish","format-standard","has-post-thumbnail","hentry","category-minuto-a-minuto","category-zona-blanca","tag-santa-cruz-xoxocotlan"],"jetpack_featured_media_url":"https:\/\/zonaroja.com.mx\/wp-content\/uploads\/2025\/05\/Fiscalia-en-tu-comunidad-Xoxo-4.jpeg","jetpack_sharing_enabled":true,"_links":{"self":[{"href":"https:\/\/zonaroja.com.mx\/index.php?rest_route=\/wp\/v2\/posts\/80529","targetHints":{"allow":["GET"]}}],"collection":[{"href":"https:\/\/zonaroja.com.mx\/index.php?rest_route=\/wp\/v2\/posts"}],"about":[{"href":"https:\/\/zonaroja.com.mx\/index.php?rest_route=\/wp\/v2\/types\/post"}],"author":[{"embeddable":true,"href":"https:\/\/zonaroja.com.mx\/index.php?rest_route=\/wp\/v2\/users\/2"}],"replies":[{"embeddable":true,"href":"https:\/\/zonaroja.com.mx\/index.php?rest_route=%2Fwp%2Fv2%2Fcomments&post=80529"}],"version-history":[{"count":1,"href":"https:\/\/zonaroja.com.mx\/index.php?rest_route=\/wp\/v2\/posts\/80529\/revisions"}],"predecessor-version":[{"id":80531,"href":"https:\/\/zonaroja.com.mx\/index.php?rest_route=\/wp\/v2\/posts\/80529\/revisions\/80531"}],"wp:featuredmedia":[{"embeddable":true,"href":"https:\/\/zonaroja.com.mx\/index.php?rest_route=\/wp\/v2\/media\/80530"}],"wp:attachment":[{"href":"https:\/\/zonaroja.com.mx\/index.php?rest_route=%2Fwp%2Fv2%2Fmedia&parent=80529"}],"wp:term":[{"taxonomy":"category","embeddable":true,"href":"https:\/\/zonaroja.com.mx\/index.php?rest_route=%2Fwp%2Fv2%2Fcategories&post=80529"},{"taxonomy":"post_tag","embeddable":true,"href":"https:\/\/zonaroja.com.mx\/index.php?rest_route=%2Fwp%2Fv2%2Ftags&post=80529"}],"curies":[{"name":"wp","href":"https:\/\/api.w.org\/{rel}","templated":true}]}}