{"id":80535,"date":"2025-05-20T22:31:51","date_gmt":"2025-05-21T04:31:51","guid":{"rendered":"https:\/\/zonaroja.com.mx\/?p=80535"},"modified":"2025-05-21T06:59:12","modified_gmt":"2025-05-21T12:59:12","slug":"en-exigencia-de-indemnizaciones-protestan-comunidades-de-la-costa-e-istmo","status":"publish","type":"post","link":"https:\/\/zonaroja.com.mx\/?p=80535","title":{"rendered":"Tras bloqueos,  comunidades de la Costa e Istmo logran di\u00e1logo"},"content":{"rendered":"\n<p>Raymundo Morales\/Zona Roja.<\/p>\n\n\n\n<p>Oaxaca, Oax., a 20 de mayo de 2025.- Durante m\u00e1s de mediod\u00eda, comunidades de la regi\u00f3n del Istmo y la Costa, asentadas en la v\u00eda federal 200, bloquearon de manera intermitente la carretera en al menos cuatro puntos, para exigir indemnizaciones.<\/p>\n\n\n\n<p>Agrupadas en la Uni\u00f3n de Ejidos y Comunidades Agrarias Costa-Istmo (Unecaci) exigen a gobierno federal pagos por los da\u00f1os ocasionados durante la construcci\u00f3n de la carretera costera.<\/p>\n\n\n\n<p>Y es que desde hace casi 50 a\u00f1os que esa v\u00eda federal comenz\u00f3 a construirse, buena parte de los terrenos de las comunidades por donde cruza la vialidad fueron afectados y desde ese entonces, el gobierno de la rep\u00fablica no cumpli\u00f3 con el pago de indemnizaciones.<\/p>\n\n\n\n<p>Los bloqueos intermitentes fueron a la altura de El Morro Mazat\u00e1n, perteneciente a Tehuantepec, Santiago&nbsp;Astata, El&nbsp;Coyul, perteneciente a San Pedro&nbsp;Huamelula,&nbsp;y San Pedro Tututepec.<\/p>\n\n\n\n<p>Alejandro Sosa, presidente del Comisariado de&nbsp;Bienes&nbsp;Comunales de San Isidro&nbsp;Chacalapa,&nbsp;inform\u00f3 que, en el caso de su comunidad, la afectaci\u00f3n fue de m\u00e1s de 20 kil\u00f3metros y en ning\u00fan momento recibieron los apoyos.<\/p>\n\n\n\n<p>Ahora que se contempla la modernizaci\u00f3n y ampliaci\u00f3n de esa v\u00eda federal, lo que los dirigentes agrarios exigen es saldar el adeudo pendiente y comenzar una nueva negociaci\u00f3n para apoyar al gobierno federal con los planes de desarrollo que tienen para la zona.<\/p>\n\n\n\n<p>Por su parte, integrantes de la Sociedad Agr\u00edcola y Ganadera El&nbsp;Coyul&nbsp;Oax demandaron al Gobierno del Estado frene a un grupo de habitantes de esa comunidad que se hacen pasar por&nbsp;integrantes de la agrupaci\u00f3n y pretenden despojar de sus terrenos que contemplan una extensi\u00f3n de m\u00e1s de mil hect\u00e1reas, argumentando que son herederos de los fundadores de la sociedad agr\u00edcola.<\/p>\n\n\n\n<p>Rigoberto Cruz Cartas,&nbsp;presidente de la Sociedad&nbsp;Agr\u00edcola y Ganadera&nbsp;asegur\u00f3 que ya han tocado puertas y hasta ahora no ha habido respuestas satisfactorias por parte de las autoridades estatales.<\/p>\n\n\n\n<p>Despu\u00e9s de varias horas de manifestaciones, al lugar arribaron dos delegados de paz quienes dialogaron con los dirigentes de las comunidades agrarias y acordaron instalar una mesa de di\u00e1logo, revisi\u00f3n y negociaci\u00f3n con las autoridades correspondientes, incluyendo la Secretar\u00eda de Infraestructuras y Comunicaciones.<\/p>\n\n\n\n<p>La Unecaci es una organizaci\u00f3n social que agrupa a varias comunidades agrarias de la zona Costa-Istmo y que tiene como finalidad lograr el desarrollo de los pueblos, a trav\u00e9s de acciones de conciliaci\u00f3n, gesti\u00f3n y acuerdos con autoridades federales, estatales y municipales, en beneficio de los n\u00facleos agrarios y ejidales.<\/p>\n","protected":false},"excerpt":{"rendered":"<p>Raymundo Morales\/Zona Roja. Oaxaca, Oax., a 20 de mayo de 2025.- Durante m\u00e1s de mediod\u00eda,&hellip;<\/p>\n","protected":false},"author":2,"featured_media":80536,"comment_status":"closed","ping_status":"open","sticky":false,"template":"","format":"standard","meta":{"_lmt_disableupdate":"","_lmt_disable":"","_jetpack_memberships_contains_paid_content":false,"footnotes":""},"categories":[109,46],"tags":[4301],"class_list":["post-80535","post","type-post","status-publish","format-standard","has-post-thumbnail","hentry","category-minuto-a-minuto","category-zona-blanca","tag-el-coyul-huamelula"],"jetpack_featured_media_url":"https:\/\/zonaroja.com.mx\/wp-content\/uploads\/2025\/05\/Bloqueo-Unecaci-carretera-de-la-Costa.jpg","jetpack_sharing_enabled":true,"_links":{"self":[{"href":"https:\/\/zonaroja.com.mx\/index.php?rest_route=\/wp\/v2\/posts\/80535","targetHints":{"allow":["GET"]}}],"collection":[{"href":"https:\/\/zonaroja.com.mx\/index.php?rest_route=\/wp\/v2\/posts"}],"about":[{"href":"https:\/\/zonaroja.com.mx\/index.php?rest_route=\/wp\/v2\/types\/post"}],"author":[{"embeddable":true,"href":"https:\/\/zonaroja.com.mx\/index.php?rest_route=\/wp\/v2\/users\/2"}],"replies":[{"embeddable":true,"href":"https:\/\/zonaroja.com.mx\/index.php?rest_route=%2Fwp%2Fv2%2Fcomments&post=80535"}],"version-history":[{"count":2,"href":"https:\/\/zonaroja.com.mx\/index.php?rest_route=\/wp\/v2\/posts\/80535\/revisions"}],"predecessor-version":[{"id":80542,"href":"https:\/\/zonaroja.com.mx\/index.php?rest_route=\/wp\/v2\/posts\/80535\/revisions\/80542"}],"wp:featuredmedia":[{"embeddable":true,"href":"https:\/\/zonaroja.com.mx\/index.php?rest_route=\/wp\/v2\/media\/80536"}],"wp:attachment":[{"href":"https:\/\/zonaroja.com.mx\/index.php?rest_route=%2Fwp%2Fv2%2Fmedia&parent=80535"}],"wp:term":[{"taxonomy":"category","embeddable":true,"href":"https:\/\/zonaroja.com.mx\/index.php?rest_route=%2Fwp%2Fv2%2Fcategories&post=80535"},{"taxonomy":"post_tag","embeddable":true,"href":"https:\/\/zonaroja.com.mx\/index.php?rest_route=%2Fwp%2Fv2%2Ftags&post=80535"}],"curies":[{"name":"wp","href":"https:\/\/api.w.org\/{rel}","templated":true}]}}