{"id":80539,"date":"2025-05-21T07:54:00","date_gmt":"2025-05-21T13:54:00","guid":{"rendered":"https:\/\/zonaroja.com.mx\/?p=80539"},"modified":"2025-05-21T06:58:28","modified_gmt":"2025-05-21T12:58:28","slug":"en-sepelio-privado-despiden-al-marino-adal-jair-maldonado","status":"publish","type":"post","link":"https:\/\/zonaroja.com.mx\/?p=80539","title":{"rendered":"En sepelio privado, despiden al marino Adal Jair Maldonado"},"content":{"rendered":"\n<p>Raymundo Morales\/Zona Roja.<\/p>\n\n\n\n<p>Oaxaca, Oax., a 21 de mayo de 2025.- Entre l\u00e1grimas y en una ceremonia privada, familiares y pobladores de San Mateo del Mar despidieron la tarde de ayer a Adal Jair Maldonado.<\/p>\n\n\n\n<p>Tras el accidente del buque \u201cCuauht\u00e9moc\u201d, con saldo de dos personas fallecidas y una veintena de lesionadas, ocurrido el s\u00e1bado en el puente Brooklyn de Nueva York, los cuerpos del oaxaque\u00f1o y de la veracruzana Am\u00e9rica Yamileth S\u00e1nchez, as\u00ed como de la mayor\u00eda de tripulantes, arribaron hace tres d\u00edas al puerto de Veracruz, donde la Secretar\u00eda de Marina les brind\u00f3 un homenaje.<\/p>\n\n\n\n<p>Posteriormente, una aeronave traslad\u00f3 al joven originario de esta entidad al aeropuerto con sede en Ciudad Ixtepec, donde lleg\u00f3 alrededor de las tres de la ma\u00f1ana de este martes y fue llevado v\u00eda terrestre, custodiado por marinos.<\/p>\n\n\n\n<p>Al alba, el f\u00e9retro con Adal Jair lleg\u00f3 a su natal San Mateo del Mar, municipio de la zona mare\u00f1a del Istmo de Tehuantepec, donde sus familiares pidieron a los medios de comunicaci\u00f3n respeto y distancia.<\/p>\n\n\n\n<p>As\u00ed, acompa\u00f1ado de sus m\u00e1s cercanos, parti\u00f3 en el joven de 23 a\u00f1os de edad a su \u00faltimo viaje, desde el hogar que lo vio nacer, en la Primera Secci\u00f3n, y de donde sali\u00f3 hacia trayectos internacionales a bordo del buque insignia de la Secretar\u00eda de Marina.<\/p>\n\n\n\n<p>Sigui\u00f3 el ejemplo de su padre, don Adal Maldonado, marino tambi\u00e9n, cobijado por el amor de su madre, do\u00f1a Julissa Marcos, quienes les inculcaron el amor por la patria y por los mares.<\/p>\n\n\n\n<p>Cumpli\u00f3 sus sue\u00f1os. Vestir de marinero, ser un marinero. Recorrer el mundo con el blanco uniforme. Lo cumpli\u00f3. Hasta que una tragedia le arrebat\u00f3 la vida al joven marino.<\/p>\n","protected":false},"excerpt":{"rendered":"<p>Raymundo Morales\/Zona Roja. Oaxaca, Oax., a 21 de mayo de 2025.- Entre l\u00e1grimas y en&hellip;<\/p>\n","protected":false},"author":2,"featured_media":80540,"comment_status":"closed","ping_status":"open","sticky":false,"template":"","format":"standard","meta":{"_lmt_disableupdate":"","_lmt_disable":"","_jetpack_memberships_contains_paid_content":false,"footnotes":""},"categories":[109,46],"tags":[4312],"class_list":["post-80539","post","type-post","status-publish","format-standard","has-post-thumbnail","hentry","category-minuto-a-minuto","category-zona-blanca","tag-adal-jair-maldonado"],"jetpack_featured_media_url":"https:\/\/zonaroja.com.mx\/wp-content\/uploads\/2025\/05\/Homenaje-Adal-Jair-San-Mateo-del-Mar-marina.jpg","jetpack_sharing_enabled":true,"_links":{"self":[{"href":"https:\/\/zonaroja.com.mx\/index.php?rest_route=\/wp\/v2\/posts\/80539","targetHints":{"allow":["GET"]}}],"collection":[{"href":"https:\/\/zonaroja.com.mx\/index.php?rest_route=\/wp\/v2\/posts"}],"about":[{"href":"https:\/\/zonaroja.com.mx\/index.php?rest_route=\/wp\/v2\/types\/post"}],"author":[{"embeddable":true,"href":"https:\/\/zonaroja.com.mx\/index.php?rest_route=\/wp\/v2\/users\/2"}],"replies":[{"embeddable":true,"href":"https:\/\/zonaroja.com.mx\/index.php?rest_route=%2Fwp%2Fv2%2Fcomments&post=80539"}],"version-history":[{"count":1,"href":"https:\/\/zonaroja.com.mx\/index.php?rest_route=\/wp\/v2\/posts\/80539\/revisions"}],"predecessor-version":[{"id":80541,"href":"https:\/\/zonaroja.com.mx\/index.php?rest_route=\/wp\/v2\/posts\/80539\/revisions\/80541"}],"wp:featuredmedia":[{"embeddable":true,"href":"https:\/\/zonaroja.com.mx\/index.php?rest_route=\/wp\/v2\/media\/80540"}],"wp:attachment":[{"href":"https:\/\/zonaroja.com.mx\/index.php?rest_route=%2Fwp%2Fv2%2Fmedia&parent=80539"}],"wp:term":[{"taxonomy":"category","embeddable":true,"href":"https:\/\/zonaroja.com.mx\/index.php?rest_route=%2Fwp%2Fv2%2Fcategories&post=80539"},{"taxonomy":"post_tag","embeddable":true,"href":"https:\/\/zonaroja.com.mx\/index.php?rest_route=%2Fwp%2Fv2%2Ftags&post=80539"}],"curies":[{"name":"wp","href":"https:\/\/api.w.org\/{rel}","templated":true}]}}