{"id":80543,"date":"2025-05-21T09:18:15","date_gmt":"2025-05-21T15:18:15","guid":{"rendered":"https:\/\/zonaroja.com.mx\/?p=80543"},"modified":"2025-05-21T09:18:17","modified_gmt":"2025-05-21T15:18:17","slug":"atacan-a-candidata-en-veracruz-y-matan-a-fotoperiodista","status":"publish","type":"post","link":"https:\/\/zonaroja.com.mx\/?p=80543","title":{"rendered":"Atacan a candidata en Veracruz y matan a fotoperiodista"},"content":{"rendered":"\n<p>Redacci\u00f3n\/Zona Roja Cdmx.<\/p>\n\n\n\n<p>Ciudad de M\u00e9xico, a 21 de mayo de 2025.- La noche del martes, 20 de mayo, la dirigencia estatal de Movimiento Ciudadano confirm\u00f3 el fallecimiento de la periodista veracruzana Avisack Douglas Coronado, quien recibi\u00f3 un impacto de bala en el atentado que se registr\u00f3 en la casa de campa\u00f1a de la candidata del partido naranja por la alcald\u00eda de Juan Rodr\u00edguez Clara, X\u00f3chitl Tress Rodr\u00edguez.<\/p>\n\n\n\n<p>El dirigente estatal del partido, Luis Carbonell de la Hoz, confirm\u00f3 el fallecimiento de la periodista, quien fung\u00eda como particular y fot\u00f3grafa de la candidata.<\/p>\n\n\n\n<p>Los reportes indican que la comunicadora, de 47 a\u00f1os de edad, recibi\u00f3 un impacto de bala en la espalda que tuvo salida al frente del abdomen, por lo que su estado de salud se report\u00f3 como grave.<\/p>\n\n\n\n<p>Por las heridas, fue trasladada para su atenci\u00f3n media al Hospital Regional Oluta-Acayucan, donde perdi\u00f3 la vida.<\/p>\n\n\n\n<p>Avisack Douglas Coronado fue directora del \u00e1rea de Comunicaci\u00f3n Social de la Secretar\u00eda de Salud en la pasada administraci\u00f3n estatal.<\/p>\n\n\n\n<p>Durante el sexenio, la Secretar\u00eda de Salud tuvo tres cambios de titular: Roberto Ramos Alor, quien present\u00f3 su renuncia al cargo el 19 de mayo de 2022. Fue sustituido por Gerardo D\u00edaz Morales, quien falleci\u00f3 el 29 de agosto de 2023. Su lugar fue ocupado por Guadalupe D\u00edaz del Castillo, que asumi\u00f3 el cargo el 4 de octubre de 2023 y concluy\u00f3 el periodo el 30 de noviembre de 2024.<\/p>\n\n\n\n<p>A pesar de todos estos cambios, Douglas Coronado se mantuvo al frente del \u00e1rea de Comunicaci\u00f3n Social.<\/p>\n\n\n\n<p>Este a\u00f1o, la comunicadora se uni\u00f3 al equipo de X\u00f3chitl Tress Rodr\u00edguez con el equipo de Movimiento Ciudadano.<\/p>\n\n\n\n<p>Anoche se registr\u00f3 un ataque armado a la casa de campa\u00f1a de la candidata de Movimiento Ciudadano por la alcald\u00eda de Juan Rodr\u00edguez Clara, X\u00f3chitl Tress Rodr\u00edguez, en el que resultaron heridas dos personas, entre ellas Avisack Douglas Coronado.<\/p>\n\n\n\n<p>De acuerdo con los primeros reportes, las personas heridas fueron trasladadas para la atenci\u00f3n m\u00e9dica al Hospital Regional Oluta-Acayucan.<\/p>\n\n\n\n<p>Los hechos se registraron este martes 20 de mayo cuando personas armadas habr\u00edan disparado contra la fachada de la casa de campa\u00f1a de la candidata.<\/p>\n\n\n\n<p>Esta campa\u00f1a municipal marc\u00f3 el regreso a la pol\u00edtica de la exdirectora de Espacios Educativos en el estado de Veracruz, durante la administraci\u00f3n del exgobernador Javier \u201cN\u201d.<\/p>\n\n\n\n<p>Fue encarcelada por presunto delito de enriquecimiento il\u00edcito por la adquisici\u00f3n de tres propiedades y un veh\u00edculo que no estaban justificados con sus ingresos; los inmuebles le fueron embargados y fue detenida por este hecho en julio de 2017 en Puerto Vallarta, Jalisco.<\/p>\n\n\n\n<p>D\u00edas despu\u00e9s, en el mes de agosto, pag\u00f3 40 mil pesos de fianza y la entrega de bienes como reparaci\u00f3n del da\u00f1o y sali\u00f3 libre de todos los pagos.<\/p>\n\n\n\n<p>En ese entonces, el juez a cargo del caso le suspendi\u00f3 los derechos pol\u00edtico-electorales durante tres a\u00f1os, es decir hasta 2020. Despu\u00e9s de ese a\u00f1o se dedic\u00f3 a actividades personales y familiares.<\/p>\n\n\n\n<p>Este a\u00f1o anunci\u00f3 su regreso como candidata a la alcald\u00eda de Juan Rodr\u00edguez Clara, municipio ubicado hacia el sur de la entidad, en la regi\u00f3n denominada Papaloapan.<\/p>\n\n\n\n<p>(Informaci\u00f3n del \u201cDiario de Xalapa\u201d)<\/p>\n","protected":false},"excerpt":{"rendered":"<p>Redacci\u00f3n\/Zona Roja Cdmx. Ciudad de M\u00e9xico, a 21 de mayo de 2025.- La noche del&hellip;<\/p>\n","protected":false},"author":2,"featured_media":80544,"comment_status":"closed","ping_status":"open","sticky":false,"template":"","format":"standard","meta":{"_lmt_disableupdate":"","_lmt_disable":"","_jetpack_memberships_contains_paid_content":false,"footnotes":""},"categories":[109,47],"tags":[4313],"class_list":["post-80543","post","type-post","status-publish","format-standard","has-post-thumbnail","hentry","category-minuto-a-minuto","category-zona-gris","tag-avisack-douglas-coronado"],"jetpack_featured_media_url":"https:\/\/zonaroja.com.mx\/wp-content\/uploads\/2025\/05\/Ataque-Rodriguez-Clara-Veracruz.jpg","jetpack_sharing_enabled":true,"_links":{"self":[{"href":"https:\/\/zonaroja.com.mx\/index.php?rest_route=\/wp\/v2\/posts\/80543","targetHints":{"allow":["GET"]}}],"collection":[{"href":"https:\/\/zonaroja.com.mx\/index.php?rest_route=\/wp\/v2\/posts"}],"about":[{"href":"https:\/\/zonaroja.com.mx\/index.php?rest_route=\/wp\/v2\/types\/post"}],"author":[{"embeddable":true,"href":"https:\/\/zonaroja.com.mx\/index.php?rest_route=\/wp\/v2\/users\/2"}],"replies":[{"embeddable":true,"href":"https:\/\/zonaroja.com.mx\/index.php?rest_route=%2Fwp%2Fv2%2Fcomments&post=80543"}],"version-history":[{"count":1,"href":"https:\/\/zonaroja.com.mx\/index.php?rest_route=\/wp\/v2\/posts\/80543\/revisions"}],"predecessor-version":[{"id":80545,"href":"https:\/\/zonaroja.com.mx\/index.php?rest_route=\/wp\/v2\/posts\/80543\/revisions\/80545"}],"wp:featuredmedia":[{"embeddable":true,"href":"https:\/\/zonaroja.com.mx\/index.php?rest_route=\/wp\/v2\/media\/80544"}],"wp:attachment":[{"href":"https:\/\/zonaroja.com.mx\/index.php?rest_route=%2Fwp%2Fv2%2Fmedia&parent=80543"}],"wp:term":[{"taxonomy":"category","embeddable":true,"href":"https:\/\/zonaroja.com.mx\/index.php?rest_route=%2Fwp%2Fv2%2Fcategories&post=80543"},{"taxonomy":"post_tag","embeddable":true,"href":"https:\/\/zonaroja.com.mx\/index.php?rest_route=%2Fwp%2Fv2%2Ftags&post=80543"}],"curies":[{"name":"wp","href":"https:\/\/api.w.org\/{rel}","templated":true}]}}