{"id":80546,"date":"2025-05-21T09:30:00","date_gmt":"2025-05-21T15:30:00","guid":{"rendered":"https:\/\/zonaroja.com.mx\/?p=80546"},"modified":"2025-05-21T09:35:43","modified_gmt":"2025-05-21T15:35:43","slug":"por-inicio-de-temporada-de-lluvias-instalan-consejo-de-proteccion-civil","status":"publish","type":"post","link":"https:\/\/zonaroja.com.mx\/?p=80546","title":{"rendered":"Por inicio de temporada de lluvias, instalan consejo de Protecci\u00f3n Civil"},"content":{"rendered":"\n<p>Redacci\u00f3n\/Zona Roja.<\/p>\n\n\n\n<p>Oaxaca, Oax., a 21 de mayo de 2025.- Ante el inicio de la temporada de tormentas tropicales y huracanes, el gobernador Salom\u00f3n Jara Cruz instal\u00f3 la Segunda Sesi\u00f3n Ordinaria del Consejo Estatal de Protecci\u00f3n Civil y Gesti\u00f3n de Riesgos, en la cual anunci\u00f3 una inversi\u00f3n estatal por 325.79 millones de pesos para acciones preventivas y de atenci\u00f3n a emergencias por desastres.<\/p>\n\n\n\n<p>En esta reuni\u00f3n, el mandatario estatal refrend\u00f3 el compromiso de su administraci\u00f3n para estar preparada y atender a la ciudadan\u00eda oaxaque\u00f1a en esta \u00e9poca en la que se esperan de 16 a 20 depresiones tropicales y huracanes en el Oc\u00e9ano Pac\u00edfico, y de 13 a 17 en el Atl\u00e1ntico.<\/p>\n\n\n\n<p>Expuso que la prevenci\u00f3n es la mejor herramienta y la protecci\u00f3n civil una cultura que se debe fortalecer, por lo que durante esta temporada no se debe bajar la guardia.<\/p>\n\n\n\n<p>\u201cDesde el Gobierno del Estado, en coordinaci\u00f3n con la federaci\u00f3n y los municipios, hemos activado los protocolos de vigilancia, atenci\u00f3n y respuesta inmediata para la salvaguarda de la vida de las personas\u201d, destac\u00f3 al tiempo de convocar a las autoridades a unir esfuerzos para responder con responsabilidad y humanismo en auxilio de la poblaci\u00f3n.<\/p>\n\n\n\n<p>El director del Organismo Cuenca Pac\u00edfico Sur de la Comisi\u00f3n Nacional del Agua (Conagua), Juli\u00e1n Rub\u00e9n R\u00edos \u00c1ngeles expuso las acciones de esta instancia y el pron\u00f3stico de las condiciones clim\u00e1ticas durante esta temporada de lluvias.<\/p>\n\n\n\n<p>Destac\u00f3 que, durante los meses de mayo y junio, se prev\u00e9 que Oaxaca registre lluvias por arriba del promedio, particularmente en las regiones monta\u00f1osas y del oriente y sureste del estado.<\/p>\n\n\n\n<p>TRABAJOS PREVENTIVOS&nbsp;<\/p>\n\n\n\n<p>En el encuentro al que asisti\u00f3 el secretario de Gobierno, Jes\u00fas Romero L\u00f3pez, en su calidad de secretario ejecutivo del Consejo; as\u00ed como, representantes de los gobiernos federal y estatal, autoridades municipales y de las Fuerzas Armadas; el titular de la Coordinaci\u00f3n Estatal de Protecci\u00f3n Civil y Gesti\u00f3n de Riesgos CEPCyGR, Manuel Maza S\u00e1nchez inform\u00f3 las acciones preventivas y de atenci\u00f3n a emergencias para esta temporada.&nbsp;<\/p>\n\n\n\n<p>Entre ellas destaca la construcci\u00f3n de dos Centros Regionales Multitareas de Protecci\u00f3n Civil, ubicados en las regiones de la Costa, en un predio donado por el municipio de Santa Mar\u00eda Tonameca y del Istmo de Tehuantepec, en la Heroica Ciudad de Juchit\u00e1n de Zaragoza, con una inversi\u00f3n de 150 millones de pesos; as\u00ed tambi\u00e9n la contrataci\u00f3n de seguro param\u00e9trico para sismos y huracanes (\u201ctormenta de vientos identificada\u201d-sic)&nbsp; por 140 millones de pesos y 35.79 millones como aportaci\u00f3n al Fondo de Desastres Naturales del Estado de Oaxaca (FDNEO) para el ejercicio 2025. Estas acciones suman 325.79 millones de pesos.<\/p>\n\n\n\n<p>Adicionalmente durante 2024 y 2025 se han elaborado 143 Atlas Municipales de Riesgos Activos para esta temporada.<\/p>\n\n\n\n<p>El tambi\u00e9n secretario t\u00e9cnico del Consejo indic\u00f3 que se realizaron las Jornadas Integrales de Capacitaci\u00f3n en Protecci\u00f3n Civil en las regiones de Costa, Istmo de Tehuantepec, Sierra de Flores Mag\u00f3n y Cuenca del Papaloapan, en que se instruyeron a 300 municipios, con corte al 12 de mayo; a las cuales asistieron mil 284 personas funcionarias y, para la tercera semana de mayo de 2025, se reactivan en la Costa.<\/p>\n\n\n\n<p>Hasta el 12 de mayo se han instalado 183 refugios temporales; 56 en la Costa, 60 en la Cuenca del Papaloapan, 21 en la Mixteca, 13 en la Sierra Sur, 19 en el Istmo y 14 en Valles Centrales.<\/p>\n","protected":false},"excerpt":{"rendered":"<p>Redacci\u00f3n\/Zona Roja. Oaxaca, Oax., a 21 de mayo de 2025.- Ante el inicio de la&hellip;<\/p>\n","protected":false},"author":2,"featured_media":80547,"comment_status":"closed","ping_status":"open","sticky":false,"template":"","format":"standard","meta":{"_lmt_disableupdate":"","_lmt_disable":"","_jetpack_memberships_contains_paid_content":false,"footnotes":""},"categories":[109,46],"tags":[939],"class_list":["post-80546","post","type-post","status-publish","format-standard","has-post-thumbnail","hentry","category-minuto-a-minuto","category-zona-blanca","tag-salomon-jara-cruz"],"jetpack_featured_media_url":"https:\/\/zonaroja.com.mx\/wp-content\/uploads\/2025\/05\/Instala-Gobernador-de-Oaxaca-Consejo-de-Proteccion-Civil-para-vigilar-y-responder-en-temporada-de-lluvias-y-huraca-4.jpeg","jetpack_sharing_enabled":true,"_links":{"self":[{"href":"https:\/\/zonaroja.com.mx\/index.php?rest_route=\/wp\/v2\/posts\/80546","targetHints":{"allow":["GET"]}}],"collection":[{"href":"https:\/\/zonaroja.com.mx\/index.php?rest_route=\/wp\/v2\/posts"}],"about":[{"href":"https:\/\/zonaroja.com.mx\/index.php?rest_route=\/wp\/v2\/types\/post"}],"author":[{"embeddable":true,"href":"https:\/\/zonaroja.com.mx\/index.php?rest_route=\/wp\/v2\/users\/2"}],"replies":[{"embeddable":true,"href":"https:\/\/zonaroja.com.mx\/index.php?rest_route=%2Fwp%2Fv2%2Fcomments&post=80546"}],"version-history":[{"count":1,"href":"https:\/\/zonaroja.com.mx\/index.php?rest_route=\/wp\/v2\/posts\/80546\/revisions"}],"predecessor-version":[{"id":80548,"href":"https:\/\/zonaroja.com.mx\/index.php?rest_route=\/wp\/v2\/posts\/80546\/revisions\/80548"}],"wp:featuredmedia":[{"embeddable":true,"href":"https:\/\/zonaroja.com.mx\/index.php?rest_route=\/wp\/v2\/media\/80547"}],"wp:attachment":[{"href":"https:\/\/zonaroja.com.mx\/index.php?rest_route=%2Fwp%2Fv2%2Fmedia&parent=80546"}],"wp:term":[{"taxonomy":"category","embeddable":true,"href":"https:\/\/zonaroja.com.mx\/index.php?rest_route=%2Fwp%2Fv2%2Fcategories&post=80546"},{"taxonomy":"post_tag","embeddable":true,"href":"https:\/\/zonaroja.com.mx\/index.php?rest_route=%2Fwp%2Fv2%2Ftags&post=80546"}],"curies":[{"name":"wp","href":"https:\/\/api.w.org\/{rel}","templated":true}]}}