{"id":80549,"date":"2025-05-21T10:35:00","date_gmt":"2025-05-21T16:35:00","guid":{"rendered":"https:\/\/zonaroja.com.mx\/?p=80549"},"modified":"2025-05-21T11:33:37","modified_gmt":"2025-05-21T17:33:37","slug":"intento-quemar-a-su-pareja-y-se-prendio-fuego-lo-detuvo-la-policia-municipal","status":"publish","type":"post","link":"https:\/\/zonaroja.com.mx\/?p=80549","title":{"rendered":"Intent\u00f3 matar a su ex mujer y se prendi\u00f3 fuego; lo detuvo la polic\u00eda municipal"},"content":{"rendered":"\n<p>Raymundo Morales\/Zona Roja.<\/p>\n\n\n\n<p>Oaxaca, Oax., a 21 de mayo de 2025.- Un individuo prendi\u00f3 fuego a su ex pareja, la agredi\u00f3 e intent\u00f3 asesinarla; despu\u00e9s quem\u00f3 su vivienda pero tambi\u00e9n result\u00f3 con lesiones.<\/p>\n\n\n\n<p>Los hechos ocurrieron la tarde del pasado lunes en la colonia Jard\u00edn, al norte de la ciudad de Oaxaca, en que polic\u00edas municipales intervinieron a tiempo y evitaron un feminicidio, adem\u00e1s de detener al sujeto identificado como Carlos A. P. R.; no obstante, un uniformado result\u00f3 lesionado.<\/p>\n\n\n\n<p>Los hechos los confirm\u00f3 ayer el secretario de Seguridad municipal, Claudio de Jes\u00fas P\u00e9rez, durante una conferencia del presidente municipal Raymundo Chagoya, en que se reconoci\u00f3 la valent\u00eda del elemento y la acci\u00f3n policiaca.<\/p>\n\n\n\n<p>El ataque ocurri\u00f3 en un domicilio de la calle Girasoles de dicha colonia, en que el sujeto agredi\u00f3 a su ex pareja Suleyma I.S., de 35 a\u00f1os de edad; al no lograr su objetivo de matarla, prendi\u00f3 fuego al hogar intentando quemarla, pero el individuo result\u00f3 con quemaduras.<\/p>\n\n\n\n<p>Al arribo inmediato de los elementos policiacos, detuvieron a Carlos A., a quien trasladaron a un hospital, al igual que a un polic\u00eda que result\u00f3 lesionado.<\/p>\n\n\n\n<p>En la conferencia de ayer, el responsable de la seguridad p\u00fablica en el municipio de Oaxaca de Ju\u00e1rez detall\u00f3 que la fuerza policiaca se mantiene atenta en las 13 demarcaciones y la ciudad, con la finalidad de prevenir los delitos y, en su caso, actuar de manera inmediata para efectuar las detenciones, como ocurri\u00f3 ayer.<\/p>\n","protected":false},"excerpt":{"rendered":"<p>Raymundo Morales\/Zona Roja. Oaxaca, Oax., a 21 de mayo de 2025.- Un individuo prendi\u00f3 fuego&hellip;<\/p>\n","protected":false},"author":2,"featured_media":80550,"comment_status":"closed","ping_status":"open","sticky":false,"template":"","format":"standard","meta":{"_lmt_disableupdate":"","_lmt_disable":"","_jetpack_memberships_contains_paid_content":false,"footnotes":""},"categories":[109,46],"tags":[148],"class_list":["post-80549","post","type-post","status-publish","format-standard","has-post-thumbnail","hentry","category-minuto-a-minuto","category-zona-blanca","tag-oaxaca-de-juarez"],"jetpack_featured_media_url":"https:\/\/zonaroja.com.mx\/wp-content\/uploads\/2025\/05\/Detenido-colonia-Jardin.jpg","jetpack_sharing_enabled":true,"_links":{"self":[{"href":"https:\/\/zonaroja.com.mx\/index.php?rest_route=\/wp\/v2\/posts\/80549","targetHints":{"allow":["GET"]}}],"collection":[{"href":"https:\/\/zonaroja.com.mx\/index.php?rest_route=\/wp\/v2\/posts"}],"about":[{"href":"https:\/\/zonaroja.com.mx\/index.php?rest_route=\/wp\/v2\/types\/post"}],"author":[{"embeddable":true,"href":"https:\/\/zonaroja.com.mx\/index.php?rest_route=\/wp\/v2\/users\/2"}],"replies":[{"embeddable":true,"href":"https:\/\/zonaroja.com.mx\/index.php?rest_route=%2Fwp%2Fv2%2Fcomments&post=80549"}],"version-history":[{"count":2,"href":"https:\/\/zonaroja.com.mx\/index.php?rest_route=\/wp\/v2\/posts\/80549\/revisions"}],"predecessor-version":[{"id":80557,"href":"https:\/\/zonaroja.com.mx\/index.php?rest_route=\/wp\/v2\/posts\/80549\/revisions\/80557"}],"wp:featuredmedia":[{"embeddable":true,"href":"https:\/\/zonaroja.com.mx\/index.php?rest_route=\/wp\/v2\/media\/80550"}],"wp:attachment":[{"href":"https:\/\/zonaroja.com.mx\/index.php?rest_route=%2Fwp%2Fv2%2Fmedia&parent=80549"}],"wp:term":[{"taxonomy":"category","embeddable":true,"href":"https:\/\/zonaroja.com.mx\/index.php?rest_route=%2Fwp%2Fv2%2Fcategories&post=80549"},{"taxonomy":"post_tag","embeddable":true,"href":"https:\/\/zonaroja.com.mx\/index.php?rest_route=%2Fwp%2Fv2%2Ftags&post=80549"}],"curies":[{"name":"wp","href":"https:\/\/api.w.org\/{rel}","templated":true}]}}