{"id":80552,"date":"2025-05-21T12:00:00","date_gmt":"2025-05-21T18:00:00","guid":{"rendered":"https:\/\/zonaroja.com.mx\/?p=80552"},"modified":"2025-05-21T09:51:32","modified_gmt":"2025-05-21T15:51:32","slug":"marina-buque-cuauhtemoc-era-manejado-por-piloto-de-puerto-de-ny","status":"publish","type":"post","link":"https:\/\/zonaroja.com.mx\/?p=80552","title":{"rendered":"Marina: buque \u201cCuauht\u00e9moc\u201d era manejado por piloto de puerto de NY"},"content":{"rendered":"\n<p>Redacci\u00f3n\/Zona Roja Cdmx.<\/p>\n\n\n\n<p>Ciudad de M\u00e9xico, a 21 de mayo de 2025.- El secretario de Marina, Raymundo Pedro Morales \u00c1ngeles, inform\u00f3 este martes que el Buque Escuela \u201cCuauht\u00e9moc\u201d se encontraba bajo el mando de un piloto especializado del puerto de Nueva York al momento del accidente ocurrido recientemente en esa ciudad, en el que dos cadetes de la Armada de M\u00e9xico perdieron la vida.<\/p>\n\n\n\n<p>Durante la conferencia de prensa de la presidenta Claudia Sheinbaum, el funcionario explic\u00f3 que, conforme a la normativa internacional, las maniobras en ese puerto deben ser dirigidas por un piloto local, quien decide c\u00f3mo proceder y qu\u00e9 medios utilizar.<\/p>\n\n\n\n<p>\u201c\u00bfQui\u00e9n decide c\u00f3mo se hace la maniobra y con qu\u00e9 medio se va ayudar? Es precisamente el piloto de puerto, por eso ahorita no podemos especular si us\u00f3 el piloto adecuadamente los medios; lo que s\u00ed podemos decir es que dispuso de poco tiempo para hacerlo, porque la distancia de donde estaba atracado el buque al puente era muy corto, entonces, el piloto hace lo que considera necesario para maniobrar con seguridad el buque\u201d, precis\u00f3 Morales \u00c1ngeles<\/p>\n\n\n\n<p>La colisi\u00f3n est\u00e1 siendo investigada por la Junta Nacional de Seguridad del Transporte de Estados Unidos (NTSB, por sus siglas en ingl\u00e9s), la Guardia Costera y los ajustadores de seguros.<\/p>\n\n\n\n<p>Respecto a los da\u00f1os humanos, Morales \u00c1ngeles detall\u00f3 que cuatro cadetes resultaron heridos, dos de los cuales fallecieron posteriormente.&nbsp;<\/p>\n\n\n\n<p>\u201cDesde el primer momento mantuvimos informadas a las familias y a la sociedad. El gobierno de Nueva York colabor\u00f3 en el traslado de los heridos a hospitales, y ayer mismo repatriamos los cuerpos de los dos fallecidos\u201d, explic\u00f3.<\/p>\n\n\n\n<p>Los cadetes fallecidos fueron Am\u00e9rica Yamileth S\u00e1nchez Hern\u00e1ndez, originaria de Xalapa, Veracruz, y Javier Maldonado Marcos, de Oaxaca.&nbsp;<\/p>\n\n\n\n<p>La presidenta de M\u00e9xico, Claudia Sheinbaum, destac\u00f3 la excelencia acad\u00e9mica y militar de las dos personas que perdieron la vida. \u201cNuestro cari\u00f1o y solidaridad con sus familias y, por supuesto, con la Marina Armada de M\u00e9xico\u201d, expres\u00f3.<\/p>\n\n\n\n<p>Sheinbaum Pardo subray\u00f3 que la investigaci\u00f3n corresponde a las autoridades estadounidenses, con total colaboraci\u00f3n de la Secretar\u00eda de Marina y la aseguradora del buque. Llam\u00f3 a esperar los resultados antes de emitir juicios los cuales se esperan que est\u00e9n listos en al menos 30 d\u00edas.<\/p>\n\n\n\n<p>(Informaci\u00f3n de \u201cEl Economista\u201d)<\/p>\n","protected":false},"excerpt":{"rendered":"<p>Redacci\u00f3n\/Zona Roja Cdmx. Ciudad de M\u00e9xico, a 21 de mayo de 2025.- El secretario de&hellip;<\/p>\n","protected":false},"author":2,"featured_media":80555,"comment_status":"closed","ping_status":"open","sticky":false,"template":"","format":"standard","meta":{"_lmt_disableupdate":"","_lmt_disable":"","_jetpack_memberships_contains_paid_content":false,"footnotes":""},"categories":[109,47],"tags":[4308],"class_list":["post-80552","post","type-post","status-publish","format-standard","has-post-thumbnail","hentry","category-minuto-a-minuto","category-zona-gris","tag-buque-cuahutemoc"],"jetpack_featured_media_url":"https:\/\/zonaroja.com.mx\/wp-content\/uploads\/2025\/05\/Secretario-de-Marina-buque-Cuauuhtemoc.jpg.webp","jetpack_sharing_enabled":true,"_links":{"self":[{"href":"https:\/\/zonaroja.com.mx\/index.php?rest_route=\/wp\/v2\/posts\/80552","targetHints":{"allow":["GET"]}}],"collection":[{"href":"https:\/\/zonaroja.com.mx\/index.php?rest_route=\/wp\/v2\/posts"}],"about":[{"href":"https:\/\/zonaroja.com.mx\/index.php?rest_route=\/wp\/v2\/types\/post"}],"author":[{"embeddable":true,"href":"https:\/\/zonaroja.com.mx\/index.php?rest_route=\/wp\/v2\/users\/2"}],"replies":[{"embeddable":true,"href":"https:\/\/zonaroja.com.mx\/index.php?rest_route=%2Fwp%2Fv2%2Fcomments&post=80552"}],"version-history":[{"count":1,"href":"https:\/\/zonaroja.com.mx\/index.php?rest_route=\/wp\/v2\/posts\/80552\/revisions"}],"predecessor-version":[{"id":80556,"href":"https:\/\/zonaroja.com.mx\/index.php?rest_route=\/wp\/v2\/posts\/80552\/revisions\/80556"}],"wp:featuredmedia":[{"embeddable":true,"href":"https:\/\/zonaroja.com.mx\/index.php?rest_route=\/wp\/v2\/media\/80555"}],"wp:attachment":[{"href":"https:\/\/zonaroja.com.mx\/index.php?rest_route=%2Fwp%2Fv2%2Fmedia&parent=80552"}],"wp:term":[{"taxonomy":"category","embeddable":true,"href":"https:\/\/zonaroja.com.mx\/index.php?rest_route=%2Fwp%2Fv2%2Fcategories&post=80552"},{"taxonomy":"post_tag","embeddable":true,"href":"https:\/\/zonaroja.com.mx\/index.php?rest_route=%2Fwp%2Fv2%2Ftags&post=80552"}],"curies":[{"name":"wp","href":"https:\/\/api.w.org\/{rel}","templated":true}]}}