{"id":8056,"date":"2020-01-25T20:13:24","date_gmt":"2020-01-26T02:13:24","guid":{"rendered":"http:\/\/www.zonaroja.com.mx\/?p=8056"},"modified":"2020-01-25T20:13:26","modified_gmt":"2020-01-26T02:13:26","slug":"mixes-y-zapotecas-exigen-a-semarnat-otra-consulta-por-proyecto-transistmico","status":"publish","type":"post","link":"https:\/\/zonaroja.com.mx\/?p=8056","title":{"rendered":"Mixes y zapotecas exigen a Semarnat otra consulta por proyecto trans\u00edstmico"},"content":{"rendered":"\n<p>Yuridiana Sosa\/Zona Roja.<\/p>\n\n\n\n<p>Oaxaca de Ju\u00e1rez, Oax., 25 de enero de\n2020.-&nbsp; El proyecto del Corredor\nInteroce\u00e1nico se mantiene como otra megaobra con lagunas de informaci\u00f3n para\nlas comunidades originarias de Oaxaca en la regi\u00f3n del Istmo, por lo que cerca\nde 30 pueblos y n\u00facleos agrarios mixes y zapotecos solicitaron a la Secretar\u00eda\ndel Medio Ambiente y Recursos Naturales (Semarnat) otra consulta de informaci\u00f3n\nampliada.<\/p>\n\n\n\n<p>Localidades de municipios de San Juan\nGuichicovi, Mat\u00edas Romero y Santa Mar\u00eda Petapa a\u00fan desconocen sobre los\nimpactos que el corredor interoce\u00e1nico puede causar, esto debido a que en los\nprocesos anteriores se ha utilizado un lenguaje poco claro para los pueblos\noriginarios.<\/p>\n\n\n\n<p>La representante mixe, Juanita Ram\u00edrez\nVillegas, se\u00f1al\u00f3 que solicitaron que la consulta se lleve a cabo en cada una de\nlas comunidades afectadas, adem\u00e1s de la participaci\u00f3n de la Semarnat, la\nSecretar\u00eda de Hacienda, Gobernaci\u00f3n y el Instituto Nacional de los Pueblos\nInd\u00edgenas.<\/p>\n\n\n\n<p>\u201cDesde un inicio hemos pedido que se\ninforme de manera ampliada. Las comunidades tenemos nuestra forma de ver las\ncosas y no se entienden los tecnicismos. Se requiere un lenguaje coloquial y\nregional\u201d, refiri\u00f3 la integrante de la Uni\u00f3n de Comunidades Ind\u00edgenas de la\nZona Norte del Istmo (Ucizoni).<\/p>\n\n\n\n<p>Entre las dudas que prevalecen se\nencuentra el destino de los habitantes cercanos a las v\u00edas, cu\u00e1l ser\u00e1 la\nampliaci\u00f3n del proyecto ferroviario, pues en los \u00faltimos d\u00edas personal de la\nempresa Ferropartes Industriales, encabezados por el Ingeniero Alejandro\nV\u00e1zquez L\u00f3pez, advirtieron a los campesinos y vecinos que ocupan terrenos\ndentro del derecho de v\u00eda del ferrocarril que deber\u00e1n desalojar.<\/p>\n\n\n\n<p>Adem\u00e1s, prev\u00e9n impacto generados en la\nfauna, como es a la una especie de ave residente en riesgo clasificada en la\nNOM-059-SEMARNAT-2010, as\u00ed como el peligro permanente de atropellamiento\naccidental de animales sobre las vialidades.<\/p>\n\n\n\n<p>De acuerdo con los inconformes, el\nManifiesto de Impacto Ambiental se\u00f1ala que \u201cla rehabilitaci\u00f3n y modernizaci\u00f3n\nmodifica el h\u00e1bitat y afectar\u00e1 directamente especies de fauna. Sin protecci\u00f3n\nde la fauna el pron\u00f3stico es negativo dada la afectaci\u00f3n que se generar\u00eda,\nprimordialmente a la fauna terrestre con alg\u00fan grado de protecci\u00f3n\u201d.<\/p>\n","protected":false},"excerpt":{"rendered":"<p>Yuridiana Sosa\/Zona Roja. Oaxaca de Ju\u00e1rez, Oax., 25 de enero de 2020.-&nbsp; El proyecto del&hellip;<\/p>\n","protected":false},"author":2,"featured_media":8057,"comment_status":"closed","ping_status":"open","sticky":false,"template":"","format":"standard","meta":{"_lmt_disableupdate":"","_lmt_disable":"","_jetpack_memberships_contains_paid_content":false,"footnotes":""},"categories":[109,47],"tags":[1146],"class_list":["post-8056","post","type-post","status-publish","format-standard","has-post-thumbnail","hentry","category-minuto-a-minuto","category-zona-gris","tag-proyecto-transistimico"],"jetpack_featured_media_url":"https:\/\/zonaroja.com.mx\/wp-content\/uploads\/2020\/01\/Tren-trans\u00edstimico.jpeg","jetpack_sharing_enabled":true,"_links":{"self":[{"href":"https:\/\/zonaroja.com.mx\/index.php?rest_route=\/wp\/v2\/posts\/8056","targetHints":{"allow":["GET"]}}],"collection":[{"href":"https:\/\/zonaroja.com.mx\/index.php?rest_route=\/wp\/v2\/posts"}],"about":[{"href":"https:\/\/zonaroja.com.mx\/index.php?rest_route=\/wp\/v2\/types\/post"}],"author":[{"embeddable":true,"href":"https:\/\/zonaroja.com.mx\/index.php?rest_route=\/wp\/v2\/users\/2"}],"replies":[{"embeddable":true,"href":"https:\/\/zonaroja.com.mx\/index.php?rest_route=%2Fwp%2Fv2%2Fcomments&post=8056"}],"version-history":[{"count":1,"href":"https:\/\/zonaroja.com.mx\/index.php?rest_route=\/wp\/v2\/posts\/8056\/revisions"}],"predecessor-version":[{"id":8058,"href":"https:\/\/zonaroja.com.mx\/index.php?rest_route=\/wp\/v2\/posts\/8056\/revisions\/8058"}],"wp:featuredmedia":[{"embeddable":true,"href":"https:\/\/zonaroja.com.mx\/index.php?rest_route=\/wp\/v2\/media\/8057"}],"wp:attachment":[{"href":"https:\/\/zonaroja.com.mx\/index.php?rest_route=%2Fwp%2Fv2%2Fmedia&parent=8056"}],"wp:term":[{"taxonomy":"category","embeddable":true,"href":"https:\/\/zonaroja.com.mx\/index.php?rest_route=%2Fwp%2Fv2%2Fcategories&post=8056"},{"taxonomy":"post_tag","embeddable":true,"href":"https:\/\/zonaroja.com.mx\/index.php?rest_route=%2Fwp%2Fv2%2Ftags&post=8056"}],"curies":[{"name":"wp","href":"https:\/\/api.w.org\/{rel}","templated":true}]}}