{"id":80569,"date":"2025-05-21T20:48:32","date_gmt":"2025-05-22T02:48:32","guid":{"rendered":"https:\/\/zonaroja.com.mx\/?p=80569"},"modified":"2025-05-21T20:48:35","modified_gmt":"2025-05-22T02:48:35","slug":"realizan-en-la-region-flores-magon-foro-sobre-justicia-democratica","status":"publish","type":"post","link":"https:\/\/zonaroja.com.mx\/?p=80569","title":{"rendered":"Realizan en la regi\u00f3n Flores Mag\u00f3n foro sobre justicia democr\u00e1tica"},"content":{"rendered":"\n<p>Raymundo Morales\/Zona Roja.<\/p>\n\n\n\n<p>Oaxaca, Oax., a 21 de mayo de 2025.- Teotitl\u00e1n de Flores Mag\u00f3n, puerta de entrada a la otrora regi\u00f3n Ca\u00f1ada, fue sede del foro \u00abPor una justicia m\u00e1s democr\u00e1tica\u00bb, con la participaci\u00f3n de ciudadanos y litigantes, con el objetivo de dar a conocer la metodolog\u00eda para ejercer el voto el pr\u00f3ximo 1 de junio, en lo que ser\u00e1 la primera ocasi\u00f3n en la que el pueblo tenga la oportunidad de elegir a sus jueces, magistrados y ministros del Poder Judicial.<\/p>\n\n\n\n<p>En la reuni\u00f3n a puerta cerrada, organizada por el licenciado Jes\u00fas Antonio Pineda Pelayo, los litigantes y ciudadanos de Teotitl\u00e1n, pudieron conocer ene voz de Sandro Mu\u00f1oz Hern\u00e1ndez la nueva reforma judicial y los puestos a elegir durante la jornada electoral del 1 de junio; el expositor agreg\u00f3 que se trata de \u201cuna fecha hist\u00f3rica para la democracia y el poder judicial en M\u00e9xico\u201d.<\/p>\n\n\n\n<p>Por su parte, el empresario Germ\u00e1n Simancas Bautista hizo alusi\u00f3n a los perfiles de los candidatos a ministros de la Suprema Corte de Justicia, abund\u00f3 sobre su simpat\u00eda por la actual ministra y candidata Yasm\u00edn Esquivel Mossa.<\/p>\n\n\n\n<p>\u201cHe estado analizando el perfil de la ministra Yasm\u00edn Esquivel, s\u00e9 que tiene toda la experiencia no solo para ser parte de la Suprema Corte de Justicia, sino para presidirla, pues es una persona que tiene el conocimiento sobre los diferentes temas jur\u00eddicos y sus repercusiones en nuestra sociedad actual\u201d dijo durante su intervenci\u00f3n.<\/p>\n\n\n\n<p>Aunque entre la poblaci\u00f3n contin\u00faa habiendo muchas dudas e interrogantes sobre el proceso electoral, el licenciado Javier Mendoza Aroche dijo que al ser la primera ocasi\u00f3n en que se lleve un proceso electoral, ser\u00e1n las personas comprometidas con el pa\u00eds quienes participen.<\/p>\n\n\n\n<p>Durante la ponencia, se dieron a conocer las diversas boletas que le ser\u00e1n entregadas a los votantes, mismas que est\u00e1n catalogadas por color y por cargos a elegir, as\u00ed lo dio a conocer el Profesor Armando Fuentes Villatoro durante su ponencia.<\/p>\n\n\n\n<p>\u201cSon seis boletas las que le ser\u00e1n entregadas el d\u00eda de la elecci\u00f3n, la boleta morada es para ministros de la Suprema Corte de Justicia, la boleta azul es para magistrados de la Sala Superior del Tribunal Electoral, la boleta verde es para magistrados del Tribunal de Disciplina Judicial, mientras que la boleta naranja es para magistrados de la Sala Regional, la boleta rosa es para magistrados de Circuito y por \u00faltimo la boleta amarilla es para jueces de distrito\u201d relat\u00f3 en su ponencia el profesor Villatoro.<\/p>\n","protected":false},"excerpt":{"rendered":"<p>Raymundo Morales\/Zona Roja. Oaxaca, Oax., a 21 de mayo de 2025.- Teotitl\u00e1n de Flores Mag\u00f3n,&hellip;<\/p>\n","protected":false},"author":2,"featured_media":80570,"comment_status":"closed","ping_status":"open","sticky":false,"template":"","format":"standard","meta":{"_lmt_disableupdate":"","_lmt_disable":"","_jetpack_memberships_contains_paid_content":false,"footnotes":""},"categories":[109,46],"tags":[4291],"class_list":["post-80569","post","type-post","status-publish","format-standard","has-post-thumbnail","hentry","category-minuto-a-minuto","category-zona-blanca","tag-eleccion-judicial-mexico"],"jetpack_featured_media_url":"https:\/\/zonaroja.com.mx\/wp-content\/uploads\/2025\/05\/Foro-eleccion-judicial-Teotitlan-de-F-M.jpg","jetpack_sharing_enabled":true,"_links":{"self":[{"href":"https:\/\/zonaroja.com.mx\/index.php?rest_route=\/wp\/v2\/posts\/80569","targetHints":{"allow":["GET"]}}],"collection":[{"href":"https:\/\/zonaroja.com.mx\/index.php?rest_route=\/wp\/v2\/posts"}],"about":[{"href":"https:\/\/zonaroja.com.mx\/index.php?rest_route=\/wp\/v2\/types\/post"}],"author":[{"embeddable":true,"href":"https:\/\/zonaroja.com.mx\/index.php?rest_route=\/wp\/v2\/users\/2"}],"replies":[{"embeddable":true,"href":"https:\/\/zonaroja.com.mx\/index.php?rest_route=%2Fwp%2Fv2%2Fcomments&post=80569"}],"version-history":[{"count":1,"href":"https:\/\/zonaroja.com.mx\/index.php?rest_route=\/wp\/v2\/posts\/80569\/revisions"}],"predecessor-version":[{"id":80571,"href":"https:\/\/zonaroja.com.mx\/index.php?rest_route=\/wp\/v2\/posts\/80569\/revisions\/80571"}],"wp:featuredmedia":[{"embeddable":true,"href":"https:\/\/zonaroja.com.mx\/index.php?rest_route=\/wp\/v2\/media\/80570"}],"wp:attachment":[{"href":"https:\/\/zonaroja.com.mx\/index.php?rest_route=%2Fwp%2Fv2%2Fmedia&parent=80569"}],"wp:term":[{"taxonomy":"category","embeddable":true,"href":"https:\/\/zonaroja.com.mx\/index.php?rest_route=%2Fwp%2Fv2%2Fcategories&post=80569"},{"taxonomy":"post_tag","embeddable":true,"href":"https:\/\/zonaroja.com.mx\/index.php?rest_route=%2Fwp%2Fv2%2Ftags&post=80569"}],"curies":[{"name":"wp","href":"https:\/\/api.w.org\/{rel}","templated":true}]}}