{"id":80572,"date":"2025-05-21T22:09:02","date_gmt":"2025-05-22T04:09:02","guid":{"rendered":"https:\/\/zonaroja.com.mx\/?p=80572"},"modified":"2025-05-21T22:09:08","modified_gmt":"2025-05-22T04:09:08","slug":"refuerza-edil-de-oaxaca-de-juarez-la-seguridad-vecinal","status":"publish","type":"post","link":"https:\/\/zonaroja.com.mx\/?p=80572","title":{"rendered":"Refuerza edil de Oaxaca de Ju\u00e1rez la seguridad vecinal"},"content":{"rendered":"\n<p>Redacci\u00f3n\/Zona Roja.<\/p>\n\n\n\n<p>Oaxaca, Oax., a 21 de mayo de 2025.\u2013 Con el compromiso de fortalecer la seguridad y recuperar la confianza ciudadana, el gobierno municipal de Oaxaca de Ju\u00e1rez, encabezado por Ray Chagoya, contin\u00faa robusteciendo su estrategia integral de prevenci\u00f3n del delito mediante el equipamiento y uso responsable de los recursos p\u00fablicos.<\/p>\n\n\n\n<p>Adem\u00e1s de los 31 veh\u00edculos nuevos adquiridos recientemente para reforzar los patrullajes en las calles de la capital, se integraron 20 bicicletas el\u00e9ctricas que ya operan en distintos puntos del municipio.&nbsp;<\/p>\n\n\n\n<p>Este equipo, adquirido en 2023 y nunca utilizado por negligencia del anterior gobierno, ahora forma parte de las acciones de vigilancia y proximidad con la ciudadan\u00eda.<\/p>\n\n\n\n<p>El fortalecimiento operativo es parte de una estrategia integral que incluye la recuperaci\u00f3n de espacios p\u00fablicos mediante tequios vecinales, donde se desarrollan actividades art\u00edsticas, deportivas y recreativas en coordinaci\u00f3n con el Gobierno del Estado.&nbsp;<\/p>\n\n\n\n<p>Estas acciones buscan ofrecer mejores alternativas de uso del tiempo libre a ni\u00f1as, ni\u00f1os y j\u00f3venes, fomentando una cultura de paz.<\/p>\n\n\n\n<p>El presidente municipal subray\u00f3 que, a diferencia de administraciones anteriores que no mostraron voluntad de colaboraci\u00f3n, la actual administraci\u00f3n trabaja en estrecha coordinaci\u00f3n con el Gobierno del Estado para atender de forma responsable las causas de la inseguridad.&nbsp;<\/p>\n\n\n\n<p>Prueba de ello ha sido la presencia del gobernador Salom\u00f3n Jara Cruz en agencias que, durante a\u00f1os, no hab\u00edan sido visitadas por un titular del Ejecutivo estatal.<\/p>\n\n\n\n<p>AVANZA COORDINACI\u00d3N<\/p>\n\n\n\n<p>Por otra parte, con el objetivo de fortalecer las estrategias de seguridad en la capital, este mi\u00e9rcoles se reunieron integrantes del Mando Coordinado Metropolitano en el Palacio Municipal de Oaxaca de Ju\u00e1rez.<\/p>\n\n\n\n<p>El secretario de Seguridad Vecinal, Claudio de Jes\u00fas P\u00e9rez y P\u00e9rez, encabez\u00f3 la reuni\u00f3n y destac\u00f3 la importancia de mantener una coordinaci\u00f3n permanente entre instituciones para garantizar el bienestar y la tranquilidad de las y los oaxaque\u00f1os.<\/p>\n\n\n\n<p>Durante el encuentro, se reiter\u00f3 que una ciudad segura se construye con presencia institucional, atenci\u00f3n a las causas y trabajo constante en el territorio. La estrategia de seguridad se basa en la proximidad, la inteligencia operativa y la participaci\u00f3n ciudadana, pilares fundamentales para mantener la paz y el orden en Oaxaca de Ju\u00e1rez.<\/p>\n\n\n\n<p>A nombre del presidente Ray Chagoya, el secretario P\u00e9rez y P\u00e9rez agradeci\u00f3 la disposici\u00f3n y compromiso de todas las corporaciones que integran el Mando Coordinado Metropolitano para trabajar en favor de la seguridad de Oaxaca de Ju\u00e1rez.<\/p>\n\n\n\n<p>Previamente, en la Plaza de la Danza, se realiz\u00f3 el pase de lista e izamiento de bandera con la participaci\u00f3n de las fuerzas de seguridad estatales y municipales.<\/p>\n\n\n\n<p>Participaron Samuel Jim\u00e9nez Acevedo, Vicefiscal Regional de Valles Centrales; el Comisario General Francisco Santiago Garc\u00eda, Comisionado de la Polic\u00eda Estatal; Jaciel Salvador V\u00e1squez Castro, Coordinador General de la Agencia Estatal de Investigaciones; y Jaime Gonz\u00e1lez Estudillo, Director General del C4.<\/p>\n\n\n\n<p>Asimismo, acudieron mandos de la Polic\u00eda Estatal, Polic\u00eda Vial, Polic\u00eda Auxiliar, y funcionarios de la Secretar\u00eda de Seguridad Vecinal, entre ellos el Capit\u00e1n de Infanter\u00eda Lorenzo Celis Hern\u00e1ndez, Director de Proximidad Social, y Rub\u00e9n Jaime L\u00f3pez D\u00edaz, Director de Movilidad.<\/p>\n\n\n\n<p>CONTIN\u00daA EVALUACI\u00d3N<\/p>\n\n\n\n<p>En tanto, la Secretar\u00eda de Seguridad Vecinal contin\u00faa con la evaluaci\u00f3n f\u00edsica como parte del proceso de selecci\u00f3n a los aspirantes a ocupar una plaza de la polic\u00eda de Oaxaca de Ju\u00e1rez.<\/p>\n\n\n\n<p>El secretario Claudio de Jes\u00fas P\u00e9rez y P\u00e9rez, dijo que la emisi\u00f3n de la convocatoria es un hecho hist\u00f3rico, pues hace casi dos d\u00e9cadas que no se convocaba a nuevos integrantes para la Polic\u00eda Municipal.<\/p>\n\n\n\n<p>Reconoci\u00f3 el apoyo del presidente Ray Chagoya por fortalecer a la instituci\u00f3n encargada de velar por la seguridad de las vecinas y vecinos de Oaxaca de Ju\u00e1rez.<\/p>\n\n\n\n<p>Esta semana, inici\u00f3 la segunda fase de la evaluaci\u00f3n f\u00edsica, con la finalidad de seleccionar a los mejores candidatos para integrar la polic\u00eda de Oaxaca de Ju\u00e1rez.<\/p>\n\n\n\n<p>Por su parte, el Jefe del Estado Mayor, Marco Antonio Garc\u00eda Dom\u00ednguez, llam\u00f3 a los aspirantes a dar su mayor esfuerzo para aprobar las siete pruebas f\u00edsicas, as\u00ed como para las dem\u00e1s evaluaciones.<\/p>\n\n\n\n<p>Los invit\u00f3 a superarse d\u00eda con d\u00eda, ya que una vez que causen alta en la corporaci\u00f3n, la capacitaci\u00f3n ser\u00e1 de manera constante para contar con mejores polic\u00edas y brindar una atenci\u00f3n a los habitantes de la capital oaxaque\u00f1a.<\/p>\n","protected":false},"excerpt":{"rendered":"<p>Redacci\u00f3n\/Zona Roja. Oaxaca, Oax., a 21 de mayo de 2025.\u2013 Con el compromiso de fortalecer&hellip;<\/p>\n","protected":false},"author":2,"featured_media":80573,"comment_status":"closed","ping_status":"open","sticky":false,"template":"","format":"standard","meta":{"_lmt_disableupdate":"","_lmt_disable":"","_jetpack_memberships_contains_paid_content":false,"footnotes":""},"categories":[109,46],"tags":[148],"class_list":["post-80572","post","type-post","status-publish","format-standard","has-post-thumbnail","hentry","category-minuto-a-minuto","category-zona-blanca","tag-oaxaca-de-juarez"],"jetpack_featured_media_url":"https:\/\/zonaroja.com.mx\/wp-content\/uploads\/2025\/05\/Bicicletas-electricas-Oaxaca-de-Juarez.jpg","jetpack_sharing_enabled":true,"_links":{"self":[{"href":"https:\/\/zonaroja.com.mx\/index.php?rest_route=\/wp\/v2\/posts\/80572","targetHints":{"allow":["GET"]}}],"collection":[{"href":"https:\/\/zonaroja.com.mx\/index.php?rest_route=\/wp\/v2\/posts"}],"about":[{"href":"https:\/\/zonaroja.com.mx\/index.php?rest_route=\/wp\/v2\/types\/post"}],"author":[{"embeddable":true,"href":"https:\/\/zonaroja.com.mx\/index.php?rest_route=\/wp\/v2\/users\/2"}],"replies":[{"embeddable":true,"href":"https:\/\/zonaroja.com.mx\/index.php?rest_route=%2Fwp%2Fv2%2Fcomments&post=80572"}],"version-history":[{"count":1,"href":"https:\/\/zonaroja.com.mx\/index.php?rest_route=\/wp\/v2\/posts\/80572\/revisions"}],"predecessor-version":[{"id":80574,"href":"https:\/\/zonaroja.com.mx\/index.php?rest_route=\/wp\/v2\/posts\/80572\/revisions\/80574"}],"wp:featuredmedia":[{"embeddable":true,"href":"https:\/\/zonaroja.com.mx\/index.php?rest_route=\/wp\/v2\/media\/80573"}],"wp:attachment":[{"href":"https:\/\/zonaroja.com.mx\/index.php?rest_route=%2Fwp%2Fv2%2Fmedia&parent=80572"}],"wp:term":[{"taxonomy":"category","embeddable":true,"href":"https:\/\/zonaroja.com.mx\/index.php?rest_route=%2Fwp%2Fv2%2Fcategories&post=80572"},{"taxonomy":"post_tag","embeddable":true,"href":"https:\/\/zonaroja.com.mx\/index.php?rest_route=%2Fwp%2Fv2%2Ftags&post=80572"}],"curies":[{"name":"wp","href":"https:\/\/api.w.org\/{rel}","templated":true}]}}