{"id":80575,"date":"2025-05-22T07:29:54","date_gmt":"2025-05-22T13:29:54","guid":{"rendered":"https:\/\/zonaroja.com.mx\/?p=80575"},"modified":"2025-05-22T07:29:56","modified_gmt":"2025-05-22T13:29:56","slug":"amenazan-a-directora-del-semanario-zeta-de-tijuana","status":"publish","type":"post","link":"https:\/\/zonaroja.com.mx\/?p=80575","title":{"rendered":"Amenazan a directora del semanario \u201cZeta\u201d de Tijuana"},"content":{"rendered":"\n<p>Redacci\u00f3n\/Zona Roja Cdmx.<\/p>\n\n\n\n<p>Ciudad de M\u00e9xico, a 22 de mayo de 2025.- Adela Navarro, directora general del semanario \u00abZeta\u00bb Tijuana, ha recibido al menos ocho amenazas en su contra, presuntamente por su labor period\u00edstica, entre el 29 de abril y el 16 de mayo, tema por el que organizaciones han pedido investigaciones a las autoridades, adem\u00e1s de que condenaron los hechos violentos en su contra.<\/p>\n\n\n\n<p>Article 19, en sus oficinas para M\u00e9xico y Centroam\u00e9rica, dijo que la periodista ha recibido al menos ocho llamadas en las que se escucha una voz que dice \u201cdile a Adela Navarro que se cuide\u201dn para que posteriormente cuelguen.<\/p>\n\n\n\n<p>El semanario \u00abZeta\u00bb Tijuana es reconocido por la cobertura que brinda a temas de pol\u00edtica y narcotr\u00e1fico, siendo el primero en reportar la detenci\u00f3n de Ismael \u2018El Mayo\u2019 Zambada el 25 de julio del a\u00f1o pasado, adem\u00e1s de que en d\u00edas recientes mencion\u00f3 que es posible que exista un rompimiento en \u2018Los Chapitos\u2019, lo que orill\u00f3 a 17 familiares de Ovidio Guzm\u00e1n a entregarse a las autoridades estadounidenses mientras la facci\u00f3n del C\u00e1rtel de Sinaloa se debilita en plena \u2018guerra\u2019 contra \u2018La Mayiza\u2019.<\/p>\n\n\n\n<p>El testimonio de Adela Navarro indica que en un principio las llamadas eran en un espacio cerrado, y esto se reconoc\u00eda por el eco en el audio; sin embargo, las llamadas m\u00e1s recientes se hacen en espacios abiertos, mismos en los que habr\u00edan ruidos de fondo, con lo que sugiere que algunas de las llamadas se hicieron desde distintos or\u00edgenes o de varias personas.<\/p>\n\n\n\n<p>De acuerdo con Article 19, Adela Navarro comenz\u00f3 a recibir amenazas luego de que se publicara informaci\u00f3n relacionada con un \u201cocultamiento de informaci\u00f3n\u201d de parte de la Fiscal\u00eda General del Estado de Baja California, relacionada con la \u201cnarc\u00f3sfera\u201d.<\/p>\n\n\n\n<p>Adem\u00e1s, dichas intimidaciones incrementaron luego de que el semanario supuestamente diera a conocer presuntos v\u00ednculos entre el Gobierno local y el crimen organizado, sumado a la pol\u00e9mica de la revocaci\u00f3n de visas a la gobernadora Marina del Pilar y su esposo, tema que la gobernadora dijo que se trataba de un asunto consular, y descart\u00f3 que hubieran investigaciones en su contra.<\/p>\n\n\n\n<p>\u201cEs preciso se\u00f1alar que Navarro inform\u00f3 estos hechos a la Secretar\u00eda de Seguridad Ciudadana del Estado de Baja California, sin que hasta la fecha se haya iniciado una investigaci\u00f3n o se haya proporcionado una respuesta efectiva. La falta de acci\u00f3n institucional incrementa el riesgo para la periodista y su equipo, quienes contin\u00faan publicando informaci\u00f3n de alto inter\u00e9s p\u00fablico\u201c, dijo Article 19.<\/p>\n\n\n\n<p>Ante las amenazas de muerte en contra de Adela Navarro, directora del semanario ZETA Tijuana, Article 19 present\u00f3 dos exigencias:<\/p>\n\n\n\n<p>Qu\u00e9 la Fiscal\u00eda Especial para la Atenci\u00f3n de Delitos cometidos contra la Libertad de Expresi\u00f3n comience una investigaci\u00f3n diligente, imparcial y con perspectiva de g\u00e9nero con la que se identifique a los responsables.<\/p>\n\n\n\n<p>Qu\u00e9 Adela Navarro reciba medidas de protecci\u00f3n, as\u00ed como el equipo de semanario ZETA Tijuana, de parte del Mecanismo de Protecci\u00f3n para Personas Defensoras de Derechos Humanos y Periodistas. Lo anterior se solicita considerando el patr\u00f3n reiterado de amenazas.<\/p>\n\n\n\n<p>(Informaci\u00f3n de \u201cEl Financiero\u201d)<\/p>\n","protected":false},"excerpt":{"rendered":"<p>Redacci\u00f3n\/Zona Roja Cdmx. Ciudad de M\u00e9xico, a 22 de mayo de 2025.- Adela Navarro, directora&hellip;<\/p>\n","protected":false},"author":2,"featured_media":80576,"comment_status":"closed","ping_status":"open","sticky":false,"template":"","format":"standard","meta":{"_lmt_disableupdate":"","_lmt_disable":"","_jetpack_memberships_contains_paid_content":false,"footnotes":""},"categories":[109,47],"tags":[4314],"class_list":["post-80575","post","type-post","status-publish","format-standard","has-post-thumbnail","hentry","category-minuto-a-minuto","category-zona-gris","tag-adela-navarro-zeta-tijuana"],"jetpack_featured_media_url":"https:\/\/zonaroja.com.mx\/wp-content\/uploads\/2025\/05\/Andrea-Navarro-Zeta-Tijuana.jpeg","jetpack_sharing_enabled":true,"_links":{"self":[{"href":"https:\/\/zonaroja.com.mx\/index.php?rest_route=\/wp\/v2\/posts\/80575","targetHints":{"allow":["GET"]}}],"collection":[{"href":"https:\/\/zonaroja.com.mx\/index.php?rest_route=\/wp\/v2\/posts"}],"about":[{"href":"https:\/\/zonaroja.com.mx\/index.php?rest_route=\/wp\/v2\/types\/post"}],"author":[{"embeddable":true,"href":"https:\/\/zonaroja.com.mx\/index.php?rest_route=\/wp\/v2\/users\/2"}],"replies":[{"embeddable":true,"href":"https:\/\/zonaroja.com.mx\/index.php?rest_route=%2Fwp%2Fv2%2Fcomments&post=80575"}],"version-history":[{"count":1,"href":"https:\/\/zonaroja.com.mx\/index.php?rest_route=\/wp\/v2\/posts\/80575\/revisions"}],"predecessor-version":[{"id":80577,"href":"https:\/\/zonaroja.com.mx\/index.php?rest_route=\/wp\/v2\/posts\/80575\/revisions\/80577"}],"wp:featuredmedia":[{"embeddable":true,"href":"https:\/\/zonaroja.com.mx\/index.php?rest_route=\/wp\/v2\/media\/80576"}],"wp:attachment":[{"href":"https:\/\/zonaroja.com.mx\/index.php?rest_route=%2Fwp%2Fv2%2Fmedia&parent=80575"}],"wp:term":[{"taxonomy":"category","embeddable":true,"href":"https:\/\/zonaroja.com.mx\/index.php?rest_route=%2Fwp%2Fv2%2Fcategories&post=80575"},{"taxonomy":"post_tag","embeddable":true,"href":"https:\/\/zonaroja.com.mx\/index.php?rest_route=%2Fwp%2Fv2%2Ftags&post=80575"}],"curies":[{"name":"wp","href":"https:\/\/api.w.org\/{rel}","templated":true}]}}