{"id":80578,"date":"2025-05-22T08:13:28","date_gmt":"2025-05-22T14:13:28","guid":{"rendered":"https:\/\/zonaroja.com.mx\/?p=80578"},"modified":"2025-05-22T08:13:31","modified_gmt":"2025-05-22T14:13:31","slug":"denuncian-division-y-traiciones-al-interior-del-magisterio","status":"publish","type":"post","link":"https:\/\/zonaroja.com.mx\/?p=80578","title":{"rendered":"Denuncian divisi\u00f3n y traiciones al interior del magisterio"},"content":{"rendered":"\n<p>Ismael Garc\u00eda M.\/Zona Roja.<\/p>\n\n\n\n<p>Oaxaca, Oax., a 22 de mayo de 2025.- Luego del intento de agresi\u00f3n en contra de la secretaria General de la Secci\u00f3n 22 del SNTE, la gremial respald\u00f3 a Yenny Aracely P\u00e9rez Mart\u00ednez.<\/p>\n\n\n\n<p>\u201cQue los cobardes y los traidores se esconden, pero quienes tenemos la firme convicci\u00f3n no tenemos nada que esconder, aqu\u00ed estamos\u201d, se\u00f1al\u00f3 la dirigente magisterial en una reciente conferencia de prensa.<\/p>\n\n\n\n<p>\u201c\u2026 quienes dicen tambi\u00e9n \u00a1aeropuerto, aeropuerto, aeropuerto!, no es porque quieran solucionar nuestras demandas; es porque quieren carpetas de investigaci\u00f3n, que tengamos presos y arrestados\u201d, sostuvo, en respuesta a exigencia de un grupo radical que ha criticado a la dirigencia de la Coordinadora Nacional de Trabajadores de la Educaci\u00f3n (CNTE).<\/p>\n\n\n\n<p>En tanto, en un comunicado emitido anoche, el Movimiento Democr\u00e1tico de Trabajadores de la Educaci\u00f3n de Oaxaca (MDTEO) y el comit\u00e9 ejecutivo reiter\u00f3 su respaldo a la secretaria General de los m\u00e1s de 80 mil docentes.<\/p>\n\n\n\n<p>\u201cDenunciamos que estas agresiones se dan en el marco del paro indefinido de labores iniciado el pasado 15 de mayo, como respuesta a siete a\u00f1os de simulaci\u00f3n, falsas promesas y cerraz\u00f3n pol\u00edtica por parte de un gobierno autodenominado de la cuarta transformaci\u00f3n\u2026\u201d<\/p>\n\n\n\n<p>\u201cEste acto de violencia no es aislado ni fortuito: forma parte de la estrategia represiva del Estado, que hist\u00f3ricamente ha recurrido a la intimidaci\u00f3n, la infiltraci\u00f3n, a grupos de choque y la guerra sucia como mecanismos para debilitar y dividir al movimiento magisterial democr\u00e1tico\u201d, sostuvo.<\/p>\n\n\n\n<p>Responsabiliz\u00f3 adem\u00e1s al gobierno federal de cualquier agresi\u00f3n presente o futura contra las y los integrantes del movimiento magisterial.<\/p>\n\n\n\n<p>\u201cExigimos el cese inmediato de la represi\u00f3n, la desarticulaci\u00f3n de los grupos de choque, y garant\u00edas para la libre manifestaci\u00f3n de nuestras demandas\u201d, expuso en su comunicado.<\/p>\n\n\n\n<p>Este jueves inicia el octavo d\u00eda de paro de labores educativas en Oaxaca y media decena de estados m\u00e1s, de magisterio aglutinados en la CNTE, y se prev\u00e9 que radicalicen a\u00fan m\u00e1s sus acciones de protesta.<\/p>\n\n\n\n<figure class=\"wp-block-embed is-type-rich is-provider-twitter wp-block-embed-twitter\"><div class=\"wp-block-embed__wrapper\">\n<div class=\"twitter-tweet\"><blockquote class=\"twitter-tweet\" data-lang=\"es\"><p lang=\"es\" dir=\"ltr\">\u201cQue los cobardes y los traidores se esconden, pero quienes tenemos la firme convicci\u00f3n no tenemos nada que esconder, aqu\u00ed estamos\u201d.<br><br>Con ese mensaje inici\u00f3 la dirigente de la Secci\u00f3n 22 del SNTE, Yenny Aracely P\u00e9rez Mart\u00ednez, al dar un  un posicionamiento. <br><br>Lament\u00f3 que en la\u2026 <a href=\"https:\/\/t.co\/7tBNIoM0CE\">pic.twitter.com\/7tBNIoM0CE<\/a><\/p>&mdash; Zona Roja Oaxaca (@ZonaRoja_Oaxaca) <a href=\"https:\/\/twitter.com\/ZonaRoja_Oaxaca\/status\/1925389356543381893?ref_src=twsrc%5Etfw\">22 de mayo de 2025<\/a><\/blockquote><\/div>\n<\/div><\/figure>\n","protected":false},"excerpt":{"rendered":"<p>Ismael Garc\u00eda M.\/Zona Roja. Oaxaca, Oax., a 22 de mayo de 2025.- Luego del intento&hellip;<\/p>\n","protected":false},"author":2,"featured_media":80579,"comment_status":"closed","ping_status":"open","sticky":false,"template":"","format":"standard","meta":{"_lmt_disableupdate":"","_lmt_disable":"","_jetpack_memberships_contains_paid_content":false,"footnotes":""},"categories":[109,47],"tags":[312],"class_list":["post-80578","post","type-post","status-publish","format-standard","has-post-thumbnail","hentry","category-minuto-a-minuto","category-zona-gris","tag-seccion-22-del-snte"],"jetpack_featured_media_url":"https:\/\/zonaroja.com.mx\/wp-content\/uploads\/2025\/05\/Planton-Ciudd-de-mexico-maestros-seccion-22.jpg","jetpack_sharing_enabled":true,"_links":{"self":[{"href":"https:\/\/zonaroja.com.mx\/index.php?rest_route=\/wp\/v2\/posts\/80578","targetHints":{"allow":["GET"]}}],"collection":[{"href":"https:\/\/zonaroja.com.mx\/index.php?rest_route=\/wp\/v2\/posts"}],"about":[{"href":"https:\/\/zonaroja.com.mx\/index.php?rest_route=\/wp\/v2\/types\/post"}],"author":[{"embeddable":true,"href":"https:\/\/zonaroja.com.mx\/index.php?rest_route=\/wp\/v2\/users\/2"}],"replies":[{"embeddable":true,"href":"https:\/\/zonaroja.com.mx\/index.php?rest_route=%2Fwp%2Fv2%2Fcomments&post=80578"}],"version-history":[{"count":1,"href":"https:\/\/zonaroja.com.mx\/index.php?rest_route=\/wp\/v2\/posts\/80578\/revisions"}],"predecessor-version":[{"id":80580,"href":"https:\/\/zonaroja.com.mx\/index.php?rest_route=\/wp\/v2\/posts\/80578\/revisions\/80580"}],"wp:featuredmedia":[{"embeddable":true,"href":"https:\/\/zonaroja.com.mx\/index.php?rest_route=\/wp\/v2\/media\/80579"}],"wp:attachment":[{"href":"https:\/\/zonaroja.com.mx\/index.php?rest_route=%2Fwp%2Fv2%2Fmedia&parent=80578"}],"wp:term":[{"taxonomy":"category","embeddable":true,"href":"https:\/\/zonaroja.com.mx\/index.php?rest_route=%2Fwp%2Fv2%2Fcategories&post=80578"},{"taxonomy":"post_tag","embeddable":true,"href":"https:\/\/zonaroja.com.mx\/index.php?rest_route=%2Fwp%2Fv2%2Ftags&post=80578"}],"curies":[{"name":"wp","href":"https:\/\/api.w.org\/{rel}","templated":true}]}}