{"id":80611,"date":"2025-05-23T09:16:00","date_gmt":"2025-05-23T15:16:00","guid":{"rendered":"https:\/\/zonaroja.com.mx\/?p=80611"},"modified":"2025-05-23T07:21:23","modified_gmt":"2025-05-23T13:21:23","slug":"reabren-calles-en-colonia-libertad-de-la-capital-tras-seis-anos-de-cierre","status":"publish","type":"post","link":"https:\/\/zonaroja.com.mx\/?p=80611","title":{"rendered":"Reabren calles en colonia Libertad de la capital, tras seis a\u00f1os de cierre"},"content":{"rendered":"\n<p>Redacci\u00f3n\/Zona Roja.<\/p>\n\n\n\n<p>Oaxaca, Oax., a 23 de mayo de 2025.- Con el firme compromiso del presidente municipal Ray Chagoya de recuperar espacios p\u00fablicos y garantizar entornos m\u00e1s seguros, el ayuntamiento de Oaxaca de Ju\u00e1rez logr\u00f3 la liberaci\u00f3n de las calles Heriberto y Vi\u00f1a del Mar en la colonia Libertad, las cuales permanecieron cerradas por m\u00e1s de seis a\u00f1os.<\/p>\n\n\n\n<p>Gracias al di\u00e1logo directo con habitantes y al respaldo del Comit\u00e9 de Vida Vecinal (Comvive), estas vialidades fueron reabiertas tras haber sido obstruidas con cadenas, afectando la movilidad y representando un riesgo para la seguridad p\u00fablica.<\/p>\n\n\n\n<p>Con esta acci\u00f3n, no solo se restablece el libre tr\u00e1nsito y la conectividad de la zona, sino que tambi\u00e9n se recuperan espacios que hab\u00edan sido aislados, lo que representa un avance significativo en la estrategia municipal de seguridad y orden urbano.<\/p>\n\n\n\n<p>El logro fue posible gracias a la intervenci\u00f3n conjunta de la Direcci\u00f3n de Gobierno y Gesti\u00f3n, la Direcci\u00f3n de la Polic\u00eda Vial Municipal, la Direcci\u00f3n de Proximidad Social y la Secretar\u00eda de Servicios Vecinales, bajo la coordinaci\u00f3n de la Secretar\u00eda de Gobierno y Territorio.<\/p>\n\n\n\n<p>El gobierno municipal reitera que seguir\u00e1 trabajando desde el territorio, impulsando soluciones reales a trav\u00e9s de la organizaci\u00f3n ciudadana y el trabajo en equipo con las y los vecinos de Oaxaca de Ju\u00e1rez.<\/p>\n","protected":false},"excerpt":{"rendered":"<p>Redacci\u00f3n\/Zona Roja. Oaxaca, Oax., a 23 de mayo de 2025.- Con el firme compromiso del&hellip;<\/p>\n","protected":false},"author":2,"featured_media":80614,"comment_status":"closed","ping_status":"open","sticky":false,"template":"","format":"standard","meta":{"_lmt_disableupdate":"","_lmt_disable":"","_jetpack_memberships_contains_paid_content":false,"footnotes":""},"categories":[109,46],"tags":[148],"class_list":["post-80611","post","type-post","status-publish","format-standard","has-post-thumbnail","hentry","category-minuto-a-minuto","category-zona-blanca","tag-oaxaca-de-juarez"],"jetpack_featured_media_url":"https:\/\/zonaroja.com.mx\/wp-content\/uploads\/2025\/05\/Calle-liberada-colonia-Libertada.jpg","jetpack_sharing_enabled":true,"_links":{"self":[{"href":"https:\/\/zonaroja.com.mx\/index.php?rest_route=\/wp\/v2\/posts\/80611","targetHints":{"allow":["GET"]}}],"collection":[{"href":"https:\/\/zonaroja.com.mx\/index.php?rest_route=\/wp\/v2\/posts"}],"about":[{"href":"https:\/\/zonaroja.com.mx\/index.php?rest_route=\/wp\/v2\/types\/post"}],"author":[{"embeddable":true,"href":"https:\/\/zonaroja.com.mx\/index.php?rest_route=\/wp\/v2\/users\/2"}],"replies":[{"embeddable":true,"href":"https:\/\/zonaroja.com.mx\/index.php?rest_route=%2Fwp%2Fv2%2Fcomments&post=80611"}],"version-history":[{"count":1,"href":"https:\/\/zonaroja.com.mx\/index.php?rest_route=\/wp\/v2\/posts\/80611\/revisions"}],"predecessor-version":[{"id":80615,"href":"https:\/\/zonaroja.com.mx\/index.php?rest_route=\/wp\/v2\/posts\/80611\/revisions\/80615"}],"wp:featuredmedia":[{"embeddable":true,"href":"https:\/\/zonaroja.com.mx\/index.php?rest_route=\/wp\/v2\/media\/80614"}],"wp:attachment":[{"href":"https:\/\/zonaroja.com.mx\/index.php?rest_route=%2Fwp%2Fv2%2Fmedia&parent=80611"}],"wp:term":[{"taxonomy":"category","embeddable":true,"href":"https:\/\/zonaroja.com.mx\/index.php?rest_route=%2Fwp%2Fv2%2Fcategories&post=80611"},{"taxonomy":"post_tag","embeddable":true,"href":"https:\/\/zonaroja.com.mx\/index.php?rest_route=%2Fwp%2Fv2%2Ftags&post=80611"}],"curies":[{"name":"wp","href":"https:\/\/api.w.org\/{rel}","templated":true}]}}