{"id":80616,"date":"2025-05-23T10:15:00","date_gmt":"2025-05-23T16:15:00","guid":{"rendered":"https:\/\/zonaroja.com.mx\/?p=80616"},"modified":"2025-05-23T10:49:26","modified_gmt":"2025-05-23T16:49:26","slug":"caso-de-joven-violentada-en-monte-de-piedad-llega-a-la-cidh","status":"publish","type":"post","link":"https:\/\/zonaroja.com.mx\/?p=80616","title":{"rendered":"Caso de joven violentada en Monte de Piedad llega a la CIDH"},"content":{"rendered":"\n<p>Raymundo Morales\/Zona Roja.<\/p>\n\n\n\n<p>Oaxaca de Ju\u00e1rez, Oax., a 23 de mayo de 2025.- La Comisi\u00f3n Interamericana de Derechos Humanos (CIDH) ya interviene en el caso de Magda Liliana A. C., quien fue despedida injustificadamente del Monte de Piedad del gobierno de Oaxaca y que ha denunciado acoso laboral y hostigamiento sexual.<\/p>\n\n\n\n<p>El pasado 10 de abril, el organismo internacional comunic\u00f3 a la joven que fue recibido el expediente de queja; \u201cse ha tomado debida nota de dicha informaci\u00f3n, la cual ha sido enviada al Estado e incorporada al expediente para los fines correspondientes\u201d, dice el oficio firmado por Jorge Meza, secretario Ejecutivo Adjunto.<\/p>\n\n\n\n<p>Fue en mayo de 2023 en que la entonces gerente de la sucursal 8 en la capital denunci\u00f3 al entonces director del Monte de Piedad, Omar J. J., y al jefe administrativo de ese organismo gubernamental, Jos\u00e9 Manuel N.<\/p>\n\n\n\n<p>La denuncia qued\u00f3 asentada en la causa penal 1243\/2023, adem\u00e1s del delito de hostigamiento sexual, tambi\u00e9n contempla los delitos de intimidaci\u00f3n&nbsp; con agravante de amenazas, cohecho y coalici\u00f3n de los servidores p\u00fablicos.<\/p>\n\n\n\n<p>Sin embargo, a dos a\u00f1os, el caso ha tenido escasos avances, por lo cual Magda Liliana tuvo que acudir este a\u00f1o a la Ciudad de M\u00e9xico, donde realiz\u00f3 un \u201cplant\u00f3n\u201d en el z\u00f3calo por varias semanas y de donde fue desalojada a finales de marzo con violencia por grupos de \u201cporros\u201d.<\/p>\n\n\n\n<p>Tras ello, organismos de la sociedad civil y la CIHD tomaron de nuevo el caso y demandan al Estado mexicano, que incluye al gobierno de Oaxaca, den atenci\u00f3n inmediata al caso.<\/p>\n\n\n\n<p>No obstante, para proteger a Omar J. J., fue retirado del Monte de Piedad del Gobierno del Estado de Oaxaca y enviado a otro puesto de menor relevancia.<\/p>\n\n\n\n<p>La joven estuvo en la ciudad de Oaxaca la semana pasada, para reanudar el di\u00e1logo a trav\u00e9s de la Secretar\u00eda de Gobierno, a fin de dar seguimiento a las peticiones de organismos de derechos humanos.<\/p>\n\n\n\n<p>\u201cTarde que temprano saldr\u00e1 la sentencia a mi favor. Las pruebas de ellos, del Estado, son nulas en contra m\u00eda. Eso lo s\u00e9 por informes justificados que han rendido al juez en los amparos que tengo en M\u00e9xico. Conf\u00edo en que habr\u00e1 justicia\u201d, dijo a Zona Roja.<\/p>\n","protected":false},"excerpt":{"rendered":"<p>Raymundo Morales\/Zona Roja. Oaxaca de Ju\u00e1rez, Oax., a 23 de mayo de 2025.- La Comisi\u00f3n&hellip;<\/p>\n","protected":false},"author":2,"featured_media":80617,"comment_status":"closed","ping_status":"open","sticky":false,"template":"","format":"standard","meta":{"_lmt_disableupdate":"","_lmt_disable":"","_jetpack_memberships_contains_paid_content":false,"footnotes":""},"categories":[109,48],"tags":[3593],"class_list":["post-80616","post","type-post","status-publish","format-standard","has-post-thumbnail","hentry","category-minuto-a-minuto","category-zona-critica","tag-magda-liliana-altamirano-calderon"],"jetpack_featured_media_url":"https:\/\/zonaroja.com.mx\/wp-content\/uploads\/2025\/05\/Magda-Liliana-Calderon.png","jetpack_sharing_enabled":true,"_links":{"self":[{"href":"https:\/\/zonaroja.com.mx\/index.php?rest_route=\/wp\/v2\/posts\/80616","targetHints":{"allow":["GET"]}}],"collection":[{"href":"https:\/\/zonaroja.com.mx\/index.php?rest_route=\/wp\/v2\/posts"}],"about":[{"href":"https:\/\/zonaroja.com.mx\/index.php?rest_route=\/wp\/v2\/types\/post"}],"author":[{"embeddable":true,"href":"https:\/\/zonaroja.com.mx\/index.php?rest_route=\/wp\/v2\/users\/2"}],"replies":[{"embeddable":true,"href":"https:\/\/zonaroja.com.mx\/index.php?rest_route=%2Fwp%2Fv2%2Fcomments&post=80616"}],"version-history":[{"count":1,"href":"https:\/\/zonaroja.com.mx\/index.php?rest_route=\/wp\/v2\/posts\/80616\/revisions"}],"predecessor-version":[{"id":80618,"href":"https:\/\/zonaroja.com.mx\/index.php?rest_route=\/wp\/v2\/posts\/80616\/revisions\/80618"}],"wp:featuredmedia":[{"embeddable":true,"href":"https:\/\/zonaroja.com.mx\/index.php?rest_route=\/wp\/v2\/media\/80617"}],"wp:attachment":[{"href":"https:\/\/zonaroja.com.mx\/index.php?rest_route=%2Fwp%2Fv2%2Fmedia&parent=80616"}],"wp:term":[{"taxonomy":"category","embeddable":true,"href":"https:\/\/zonaroja.com.mx\/index.php?rest_route=%2Fwp%2Fv2%2Fcategories&post=80616"},{"taxonomy":"post_tag","embeddable":true,"href":"https:\/\/zonaroja.com.mx\/index.php?rest_route=%2Fwp%2Fv2%2Ftags&post=80616"}],"curies":[{"name":"wp","href":"https:\/\/api.w.org\/{rel}","templated":true}]}}