{"id":8062,"date":"2020-01-26T07:36:08","date_gmt":"2020-01-26T13:36:08","guid":{"rendered":"http:\/\/www.zonaroja.com.mx\/?p=8062"},"modified":"2020-01-26T10:49:09","modified_gmt":"2020-01-26T16:49:09","slug":"masacran-a-familia-en-oaxaca-madre-y-sus-dos-hijos-menores-de-edad","status":"publish","type":"post","link":"https:\/\/zonaroja.com.mx\/?p=8062","title":{"rendered":"Masacran a familia en Oaxaca: madre y sus dos hijas menores de edad"},"content":{"rendered":"\n<p>Ismael Garc\u00eda M.\/Zona Roja.<\/p>\n\n\n\n<p>Oaxaca de Ju\u00e1rez, Oax., 26 de enero de 2020.- Una madre de familia y sus dos hijas menores de edad fueron asesinados ayer s\u00e1bado por disparos de arma de fuego en El Huamuche, localidad del municipio de Santiago Ixtayutla, en la regi\u00f3n Costa de Oaxaca.<\/p>\n\n\n\n<p>Seg\u00fan confirm\u00f3 la Fiscal\u00eda General del\nEstado, en los hechos sucedidos la tarde de ayer hay tambi\u00e9n cinco personas\nlesionadas de bala, entre ellas dos ni\u00f1os. <\/p>\n\n\n\n<p>Para la masacre, presuntamente se utilizaron escopetas, con el cual dieron muerte a la se\u00f1ora Teresa Q. M., de aproximadamente 32 a\u00f1os de edad; y a las ni\u00f1as A. M. Q., de dos a\u00f1os, y S. M. Q., de siete a\u00f1os.<\/p>\n\n\n\n<p>Adem\u00e1s, seg\u00fan la Fiscal\u00eda, se report\u00f3\nde manera preliminar que ingresaron al Hospital del Instituto Mexicano del\nSeguro Social de Jamiltepec, cinco personas m\u00e1s lesionadas por disparo de arma\nde fuego.<\/p>\n\n\n\n<p>Dos de ellas son ni\u00f1os de dos y tres\na\u00f1os de edad, as\u00ed como tres adultos identificados como A. D. M. Q., A. M. Q., y\nJ. M. M., de 21, 26 y 44 a\u00f1os, respectivamente, mismas que reciben atenci\u00f3n\nm\u00e9dica especializada.<\/p>\n\n\n\n<p>La Fiscal\u00eda inform\u00f3 que por estos hechos,\nactiv\u00f3 el Protocolo de Investigaci\u00f3n Ministerial, Policial y Pericial del\ndelito de Feminicidio, e inici\u00f3 las diligencias respectivas.<\/p>\n\n\n\n<p>Asimismo, a trav\u00e9s de la Vicefiscal\u00eda\nRegional de la Costa, inici\u00f3 la carpeta de investigaci\u00f3n\n2908\/FCOS\/PINOTEPA\/2020, desplegando en la zona personal multidisciplinario\npara recabar todas las evidencias que permitan la detenci\u00f3n de los homicidas.<\/p>\n","protected":false},"excerpt":{"rendered":"<p>Ismael Garc\u00eda M.\/Zona Roja. Oaxaca de Ju\u00e1rez, Oax., 26 de enero de 2020.- Una madre&hellip;<\/p>\n","protected":false},"author":2,"featured_media":8063,"comment_status":"closed","ping_status":"open","sticky":false,"template":"","format":"standard","meta":{"_lmt_disableupdate":"","_lmt_disable":"","_jetpack_memberships_contains_paid_content":false,"footnotes":""},"categories":[109,51],"tags":[1321],"class_list":["post-8062","post","type-post","status-publish","format-standard","has-post-thumbnail","hentry","category-minuto-a-minuto","category-zona-roja","tag-el-huamuche-santiago-ixtayutla"],"jetpack_featured_media_url":"https:\/\/zonaroja.com.mx\/wp-content\/uploads\/2020\/01\/crimen-balazos.jpg","jetpack_sharing_enabled":true,"_links":{"self":[{"href":"https:\/\/zonaroja.com.mx\/index.php?rest_route=\/wp\/v2\/posts\/8062","targetHints":{"allow":["GET"]}}],"collection":[{"href":"https:\/\/zonaroja.com.mx\/index.php?rest_route=\/wp\/v2\/posts"}],"about":[{"href":"https:\/\/zonaroja.com.mx\/index.php?rest_route=\/wp\/v2\/types\/post"}],"author":[{"embeddable":true,"href":"https:\/\/zonaroja.com.mx\/index.php?rest_route=\/wp\/v2\/users\/2"}],"replies":[{"embeddable":true,"href":"https:\/\/zonaroja.com.mx\/index.php?rest_route=%2Fwp%2Fv2%2Fcomments&post=8062"}],"version-history":[{"count":3,"href":"https:\/\/zonaroja.com.mx\/index.php?rest_route=\/wp\/v2\/posts\/8062\/revisions"}],"predecessor-version":[{"id":8076,"href":"https:\/\/zonaroja.com.mx\/index.php?rest_route=\/wp\/v2\/posts\/8062\/revisions\/8076"}],"wp:featuredmedia":[{"embeddable":true,"href":"https:\/\/zonaroja.com.mx\/index.php?rest_route=\/wp\/v2\/media\/8063"}],"wp:attachment":[{"href":"https:\/\/zonaroja.com.mx\/index.php?rest_route=%2Fwp%2Fv2%2Fmedia&parent=8062"}],"wp:term":[{"taxonomy":"category","embeddable":true,"href":"https:\/\/zonaroja.com.mx\/index.php?rest_route=%2Fwp%2Fv2%2Fcategories&post=8062"},{"taxonomy":"post_tag","embeddable":true,"href":"https:\/\/zonaroja.com.mx\/index.php?rest_route=%2Fwp%2Fv2%2Ftags&post=8062"}],"curies":[{"name":"wp","href":"https:\/\/api.w.org\/{rel}","templated":true}]}}